{"id":21810,"date":"2018-02-18T16:25:04","date_gmt":"2018-02-18T16:25:04","guid":{"rendered":"http:\/\/www.federacaopaulistadefutsal.com.br\/?p=21810"},"modified":"2018-02-18T16:25:04","modified_gmt":"2018-02-18T16:25:04","slug":"a-a-fib-anuncia-os-primeiros-reforcos-para-a-temporada-2018","status":"publish","type":"post","link":"https:\/\/www.federacaopaulistadefutsal.com.br\/novo\/a-a-fib-anuncia-os-primeiros-reforcos-para-a-temporada-2018\/","title":{"rendered":"A.A. FIB anuncia os primeiros refor\u00e7os para a temporada 2018"},"content":{"rendered":"<p>Com tr\u00eas atletas remanescentes da temporada passada confirmados para 2018, o elenco da Associa\u00e7\u00e3o Atl\u00e9tica FIB ganhou dois refor\u00e7os. A equipe de Bauru anunciou o acerto com um ala e um piv\u00f4 com experi\u00eancia na Liga Nacional, al\u00e9m da renova\u00e7\u00e3o com um mais um jogador.<br \/>\nPara o sistema defensivo, a A.A. FIB se refor\u00e7ou com Pula, de 23 anos, que defendia o Am\u00e9rica de Tapera, time do Rio Grande do Sul. O ala tamb\u00e9m j\u00e1 defendeu o Pinhal Futsal, o Franco da Rocha e a Yoka\/Guaratinguet\u00e1.<br \/>\nE para o ataque, o primeiro refor\u00e7o da equipe bauruense \u00e9 o piv\u00f4 Didi, tamb\u00e9m de 23 anos, que ajudou o Umuarama (PR) a chegar \u00e0s oitavas de final da Liga Nacional Futsal de 2016 e foi campe\u00e3o da Copa Santa Catarina em 2017, defendendo o Blumenau Futsal, seu \u00faltimo clube.<br \/>\n\u201cApesar da pouca idade, esses atletas tem uma ampla bagagem no futsal, com passagem por equipes de qualidade e tendo grande destaque. Esperamos que eles possam manter esse n\u00edvel de jogo com a nossa camisa\u201d, disse Everton Carvalho da Silva, o Alem\u00e3o, treinador da A.A. FIB.<br \/>\nO elenco da equipe de Bauru dever ter novos refor\u00e7os em breve. \u201cH\u00e1 outros jogadores com experi\u00eancia em Liga Nacional bem pr\u00f3ximos de refor\u00e7ar nossa equipe nessa temporada\u201d, adiantou Alem\u00e3o.<br \/>\n<em>Informa\u00e7\u00f5es e foto: Assessoria de imprensa A.A. FIB.<\/em><\/p>\n","protected":false},"excerpt":{"rendered":"<p>Com tr\u00eas atletas remanescentes da temporada passada confirmados para 2018, o elenco da Associa\u00e7\u00e3o Atl\u00e9tica FIB ganhou dois refor\u00e7os. A<\/p>\n","protected":false},"author":1,"featured_media":21812,"comment_status":"closed","ping_status":"open","sticky":false,"template":"","format":"standard","meta":{"footnotes":""},"categories":[29],"tags":[128,653,42,1334],"class_list":["post-21810","post","type-post","status-publish","format-standard","has-post-thumbnail","hentry","category-interior","tag-aa-fib","tag-competicoes","tag-fpfs","tag-interior"],"_links":{"self":[{"href":"https:\/\/www.federacaopaulistadefutsal.com.br\/novo\/wp-json\/wp\/v2\/posts\/21810","targetHints":{"allow":["GET"]}}],"collection":[{"href":"https:\/\/www.federacaopaulistadefutsal.com.br\/novo\/wp-json\/wp\/v2\/posts"}],"about":[{"href":"https:\/\/www.federacaopaulistadefutsal.com.br\/novo\/wp-json\/wp\/v2\/types\/post"}],"author":[{"embeddable":true,"href":"https:\/\/www.federacaopaulistadefutsal.com.br\/novo\/wp-json\/wp\/v2\/users\/1"}],"replies":[{"embeddable":true,"href":"https:\/\/www.federacaopaulistadefutsal.com.br\/novo\/wp-json\/wp\/v2\/comments?post=21810"}],"version-history":[{"count":0,"href":"https:\/\/www.federacaopaulistadefutsal.com.br\/novo\/wp-json\/wp\/v2\/posts\/21810\/revisions"}],"wp:featuredmedia":[{"embeddable":true,"href":"https:\/\/www.federacaopaulistadefutsal.com.br\/novo\/wp-json\/"}],"wp:attachment":[{"href":"https:\/\/www.federacaopaulistadefutsal.com.br\/novo\/wp-json\/wp\/v2\/media?parent=21810"}],"wp:term":[{"taxonomy":"category","embeddable":true,"href":"https:\/\/www.federacaopaulistadefutsal.com.br\/novo\/wp-json\/wp\/v2\/categories?post=21810"},{"taxonomy":"post_tag","embeddable":true,"href":"https:\/\/www.federacaopaulistadefutsal.com.br\/novo\/wp-json\/wp\/v2\/tags?post=21810"}],"curies":[{"name":"wp","href":"https:\/\/api.w.org\/{rel}","templated":true}]}}