{"id":2195,"date":"2014-10-01T10:44:43","date_gmt":"2014-10-01T10:44:43","guid":{"rendered":"http:\/\/www.federacaopaulistadefutsal.com.br\/?p=2195"},"modified":"2014-10-01T10:44:43","modified_gmt":"2014-10-01T10:44:43","slug":"maus-resultados-podem-tirar-equipe-de-futsal-do-sao-paulo-de-bauru","status":"publish","type":"post","link":"https:\/\/www.federacaopaulistadefutsal.com.br\/novo\/maus-resultados-podem-tirar-equipe-de-futsal-do-sao-paulo-de-bauru\/","title":{"rendered":"Maus resultados podem tirar equipe de futsal do S\u00e3o Paulo de Bauru"},"content":{"rendered":"<p>O time profissional de futsal do S\u00e3o Paulo, que est\u00e1 sediado em Bauru, a cerca de 330 km da capital paulista, desde o come\u00e7o de 2014, pode ter nova casa a partir do pr\u00f3ximo ano. A m\u00e1 campanha na Liga Futsal na atual temporada pode fazer com que o clube opte por outra sede. Em 18 jogos pelo campeonato nacional foram duas vit\u00f3rias, dois empates e 14 derrotas.<br \/>\nNa Liga Paulista, a equipe segue na disputa e estreia na segunda fase do torneio nesta sexta-feira contra Sorocaba, do ala Falc\u00e3o, mas n\u00e3o utilizar\u00e1 a camisa tricolor. O uniforme ser\u00e1 o do patrocinador da equipe, dono da franquia no campeonato estadual.<br \/>\nEm Bauru, a parceira do S\u00e3o Paulo, que tem contrato at\u00e9 o fim do ano, informa que a defini\u00e7\u00e3o sobre a renova\u00e7\u00e3o ou n\u00e3o, deve sair em breve. O presidente da Associa\u00e7\u00e3o Atl\u00e9tica das Faculdades Integradas Bauru (FIB), parceira do S\u00e3o Paulo em Bauru, Jos\u00e9 Ranieri Neto, acredita na possibilidade de entendimento.<br \/>\n\u2013 J\u00e1 come\u00e7amos a conversar com o S\u00e3o Paulo e existe o interesse em renovar, mas ainda n\u00e3o est\u00e3o especificadas as condi\u00e7\u00f5es do contrato. Depende muito dessa negocia\u00e7\u00e3o, \u00e9 algo que a gente precisa definir r\u00e1pido. Acredito que a resposta que a gente precisa venha ainda hoje. N\u00f3s precisamos do posicionamento do S\u00e3o Paulo \u2013 revela o presidente da parceira do S\u00e3o Paulo.<br \/>\nSobre poss\u00edveis concorrentes e locais que o clube pode ir, o dirigente revela que o Tricolor j\u00e1 conversou com outras cidades.<br \/>\n\u2013 At\u00e9 onde eu sei, existiu conversa com outras tr\u00eas ou outras quatro cidades, mas n\u00e3o posso falar pelo S\u00e3o Paulo, s\u00f3 posso falar pela gente \u2013 disse Ranieri.<br \/>\nNa expectativa sobre essa defini\u00e7\u00e3o, o time de Bauru entra em quadra na sexta-feira pela Liga Paulista, \u00e0s 20h, contra o Sorocaba, do ala Falc\u00e3o, em duelo v\u00e1lido pela segunda fase do estadual. Nesse jogo, a equipe n\u00e3o vestir\u00e1 a camisa tricolor.<br \/>\n\u2013 Na Liga Paulista estamos usando a nossa vaga, j\u00e1 que o S\u00e3o Paulo est\u00e1 licenciado da competi\u00e7\u00e3o. Na Liga Futsal usamos a franquia do S\u00e3o Paulo e utilizamos o uniforme deles. Mas se o S\u00e3o Paulo quiser que a gente utilize o uniforme deles na Liga Paulista tamb\u00e9m, sem problemas. Mas, a princ\u00edpio, vamos jogar contra Sorocaba com o uniforme da nossa equipe aqui de Bauru \u2013 revela o dirigente.<br \/>\nProcurado pela reportagem, o coordenador de futsal do S\u00e3o Paulo, Alexandre Gaspar, n\u00e3o respondeu \u00e0s liga\u00e7\u00f5es.<br \/>\nPor Assessoria FPFS<br \/>\nInforma\u00e7\u00f5es GloboEsporte.com<\/p>\n","protected":false},"excerpt":{"rendered":"<p>O time profissional de futsal do S\u00e3o Paulo, que est\u00e1 sediado em Bauru, a cerca de 330 km da capital<\/p>\n","protected":false},"author":1,"featured_media":0,"comment_status":"open","ping_status":"open","sticky":false,"template":"","format":"standard","meta":{"footnotes":""},"categories":[32],"tags":[367,2207],"class_list":["post-2195","post","type-post","status-publish","format-standard","hentry","category-maiores","tag-bauru","tag-sao-paulo"],"_links":{"self":[{"href":"https:\/\/www.federacaopaulistadefutsal.com.br\/novo\/wp-json\/wp\/v2\/posts\/2195","targetHints":{"allow":["GET"]}}],"collection":[{"href":"https:\/\/www.federacaopaulistadefutsal.com.br\/novo\/wp-json\/wp\/v2\/posts"}],"about":[{"href":"https:\/\/www.federacaopaulistadefutsal.com.br\/novo\/wp-json\/wp\/v2\/types\/post"}],"author":[{"embeddable":true,"href":"https:\/\/www.federacaopaulistadefutsal.com.br\/novo\/wp-json\/wp\/v2\/users\/1"}],"replies":[{"embeddable":true,"href":"https:\/\/www.federacaopaulistadefutsal.com.br\/novo\/wp-json\/wp\/v2\/comments?post=2195"}],"version-history":[{"count":0,"href":"https:\/\/www.federacaopaulistadefutsal.com.br\/novo\/wp-json\/wp\/v2\/posts\/2195\/revisions"}],"wp:attachment":[{"href":"https:\/\/www.federacaopaulistadefutsal.com.br\/novo\/wp-json\/wp\/v2\/media?parent=2195"}],"wp:term":[{"taxonomy":"category","embeddable":true,"href":"https:\/\/www.federacaopaulistadefutsal.com.br\/novo\/wp-json\/wp\/v2\/categories?post=2195"},{"taxonomy":"post_tag","embeddable":true,"href":"https:\/\/www.federacaopaulistadefutsal.com.br\/novo\/wp-json\/wp\/v2\/tags?post=2195"}],"curies":[{"name":"wp","href":"https:\/\/api.w.org\/{rel}","templated":true}]}}