{"id":21954,"date":"2018-02-23T12:40:05","date_gmt":"2018-02-23T12:40:05","guid":{"rendered":"http:\/\/www.federacaopaulistadefutsal.com.br\/?p=21954"},"modified":"2018-02-23T12:40:05","modified_gmt":"2018-02-23T12:40:05","slug":"retrospectiva-garotos-da-elite-itaquerense-sao-campoes-do-estadual-a1-jose-marcos-barbosa-serie-prata","status":"publish","type":"post","link":"https:\/\/www.federacaopaulistadefutsal.com.br\/novo\/retrospectiva-garotos-da-elite-itaquerense-sao-campoes-do-estadual-a1-jose-marcos-barbosa-serie-prata\/","title":{"rendered":"Retrospectiva: Garotos da Elite Itaquerense s\u00e3o camp\u00f5es do Estadual A1 Jos\u00e9 Marcos Barbosa S\u00e9rie Prata"},"content":{"rendered":"<p>Pelo placar de 2 a 1, a Elite Itaquerense venceu a\u00a0A.A. Praia Grande\/Ocian P.C.\u00a0, no gin\u00e1sio Presidente Ciro II, na tarde deste s\u00e1bado (2), e levantou o trof\u00e9u de campe\u00e3o do Estadual A1 Jos\u00e9 Marcos Barbosa S\u00e9rie Prata, pela categoria Sub-14.<br \/>\nOs gols que garantiram o t\u00edtulo para o clube da capital paulista foram anotados por: Luan e Cau\u00ea Lima &#8211; artilheiro do time na fase final do certame, com quatro gols. A artilharia do mata-mata ficou com Carlos Eduardo, da Praia Grande, com cinco tentos.<br \/>\nO time praiano garantiu sua respectiva vaga na final ao vencer na semi a Inter Futsal, por 6 a 0. J\u00e1 o camp\u00e3o avan\u00e7ou para a decis\u00e3o depois de eliminar o\u00a0FAE\/Audax\/Osasco, por 5 a 1.<\/p>\n","protected":false},"excerpt":{"rendered":"<p>Pelo placar de 2 a 1, a Elite Itaquerense venceu a\u00a0A.A. Praia Grande\/Ocian P.C.\u00a0, no gin\u00e1sio Presidente Ciro II, na<\/p>\n","protected":false},"author":1,"featured_media":21956,"comment_status":"closed","ping_status":"open","sticky":false,"template":"","format":"standard","meta":{"footnotes":""},"categories":[8],"tags":[648,920,976,42],"class_list":["post-21954","post","type-post","status-publish","format-standard","has-post-thumbnail","hentry","category-estadual-base-a1","tag-competicao","tag-elite-itaquerense","tag-estadual-a1","tag-fpfs"],"_links":{"self":[{"href":"https:\/\/www.federacaopaulistadefutsal.com.br\/novo\/wp-json\/wp\/v2\/posts\/21954","targetHints":{"allow":["GET"]}}],"collection":[{"href":"https:\/\/www.federacaopaulistadefutsal.com.br\/novo\/wp-json\/wp\/v2\/posts"}],"about":[{"href":"https:\/\/www.federacaopaulistadefutsal.com.br\/novo\/wp-json\/wp\/v2\/types\/post"}],"author":[{"embeddable":true,"href":"https:\/\/www.federacaopaulistadefutsal.com.br\/novo\/wp-json\/wp\/v2\/users\/1"}],"replies":[{"embeddable":true,"href":"https:\/\/www.federacaopaulistadefutsal.com.br\/novo\/wp-json\/wp\/v2\/comments?post=21954"}],"version-history":[{"count":0,"href":"https:\/\/www.federacaopaulistadefutsal.com.br\/novo\/wp-json\/wp\/v2\/posts\/21954\/revisions"}],"wp:featuredmedia":[{"embeddable":true,"href":"https:\/\/www.federacaopaulistadefutsal.com.br\/novo\/wp-json\/"}],"wp:attachment":[{"href":"https:\/\/www.federacaopaulistadefutsal.com.br\/novo\/wp-json\/wp\/v2\/media?parent=21954"}],"wp:term":[{"taxonomy":"category","embeddable":true,"href":"https:\/\/www.federacaopaulistadefutsal.com.br\/novo\/wp-json\/wp\/v2\/categories?post=21954"},{"taxonomy":"post_tag","embeddable":true,"href":"https:\/\/www.federacaopaulistadefutsal.com.br\/novo\/wp-json\/wp\/v2\/tags?post=21954"}],"curies":[{"name":"wp","href":"https:\/\/api.w.org\/{rel}","templated":true}]}}