{"id":21972,"date":"2018-02-25T18:37:52","date_gmt":"2018-02-25T18:37:52","guid":{"rendered":"http:\/\/www.federacaopaulistadefutsal.com.br\/?p=21972"},"modified":"2018-02-25T18:37:52","modified_gmt":"2018-02-25T18:37:52","slug":"retrospectiva-sao-caetano-futsal-vence-a-d-c-basf-suvinil-e-e-campeao-da-categoria-sub-10-no-metropolitano-serie-prata","status":"publish","type":"post","link":"https:\/\/www.federacaopaulistadefutsal.com.br\/novo\/retrospectiva-sao-caetano-futsal-vence-a-d-c-basf-suvinil-e-e-campeao-da-categoria-sub-10-no-metropolitano-serie-prata\/","title":{"rendered":"Retrospectiva: S\u00e3o Caetano Futsal vence A.D.C. Basf\/ Suvinil e \u00e9 campe\u00e3o da categoria sub-10 no Metropolitano S\u00e9rie Prata"},"content":{"rendered":"<p>No jogo de volta da final do Metropolitano S\u00e9rie Prata na categoria sub-10 entre\u00a0S\u00e3o Caetano e\u00a0A.D.C. Basf\/ Suvinil , quem se deu melhor e levou o t\u00edtulo foi o time de S\u00e3o Caetano do Sul, vencendo por 1 a 0 no tempo normal e pelo mesmo placar na prorroga\u00e7\u00e3o.<br \/>\nEm partida realizada no Gin\u00e1sio Presidente Ciro II, o S\u00e3o Caetano Futsal conseguiu levar o jogo para o tempo extra ap\u00f3s gol de Pedro Henrique. Na prorroga\u00e7\u00e3o, o mesmo Pedro Henrique, destaque do duelo, \u00a0anotou mais um e garantiu o t\u00edtulo para os azuis.<br \/>\nO S\u00e3o Caetano Futsal, ap\u00f3s perder o primeiro jogo por 2 a 1, precisava vencer tanto no tempo regulamentar quanto na prorroga\u00e7\u00e3o.<\/p>\n","protected":false},"excerpt":{"rendered":"<p>No jogo de volta da final do Metropolitano S\u00e9rie Prata na categoria sub-10 entre\u00a0S\u00e3o Caetano e\u00a0A.D.C. Basf\/ Suvinil , quem<\/p>\n","protected":false},"author":1,"featured_media":21974,"comment_status":"closed","ping_status":"open","sticky":false,"template":"","format":"standard","meta":{"footnotes":""},"categories":[33,34],"tags":[485,42,2285,2337],"class_list":["post-21972","post","type-post","status-publish","format-standard","has-post-thumbnail","hentry","category-menores","category-metropolitano-serie-unica","tag-campeonato-metropolitano-serie-unica","tag-fpfs","tag-serie-prata","tag-sub-10"],"_links":{"self":[{"href":"https:\/\/www.federacaopaulistadefutsal.com.br\/novo\/wp-json\/wp\/v2\/posts\/21972","targetHints":{"allow":["GET"]}}],"collection":[{"href":"https:\/\/www.federacaopaulistadefutsal.com.br\/novo\/wp-json\/wp\/v2\/posts"}],"about":[{"href":"https:\/\/www.federacaopaulistadefutsal.com.br\/novo\/wp-json\/wp\/v2\/types\/post"}],"author":[{"embeddable":true,"href":"https:\/\/www.federacaopaulistadefutsal.com.br\/novo\/wp-json\/wp\/v2\/users\/1"}],"replies":[{"embeddable":true,"href":"https:\/\/www.federacaopaulistadefutsal.com.br\/novo\/wp-json\/wp\/v2\/comments?post=21972"}],"version-history":[{"count":0,"href":"https:\/\/www.federacaopaulistadefutsal.com.br\/novo\/wp-json\/wp\/v2\/posts\/21972\/revisions"}],"wp:featuredmedia":[{"embeddable":true,"href":"https:\/\/www.federacaopaulistadefutsal.com.br\/novo\/wp-json\/"}],"wp:attachment":[{"href":"https:\/\/www.federacaopaulistadefutsal.com.br\/novo\/wp-json\/wp\/v2\/media?parent=21972"}],"wp:term":[{"taxonomy":"category","embeddable":true,"href":"https:\/\/www.federacaopaulistadefutsal.com.br\/novo\/wp-json\/wp\/v2\/categories?post=21972"},{"taxonomy":"post_tag","embeddable":true,"href":"https:\/\/www.federacaopaulistadefutsal.com.br\/novo\/wp-json\/wp\/v2\/tags?post=21972"}],"curies":[{"name":"wp","href":"https:\/\/api.w.org\/{rel}","templated":true}]}}