{"id":22030,"date":"2018-02-28T15:31:53","date_gmt":"2018-02-28T15:31:53","guid":{"rendered":"http:\/\/www.federacaopaulistadefutsal.com.br\/?p=22030"},"modified":"2018-02-28T15:31:53","modified_gmt":"2018-02-28T15:31:53","slug":"retrospectiva-a-d-c-basf-suvinil-sub-8-vence-o-g-r-gremetal-col-liceu-santista-e-garante-o-titulo-do-metropolitano-serie-prata","status":"publish","type":"post","link":"https:\/\/www.federacaopaulistadefutsal.com.br\/novo\/retrospectiva-a-d-c-basf-suvinil-sub-8-vence-o-g-r-gremetal-col-liceu-santista-e-garante-o-titulo-do-metropolitano-serie-prata\/","title":{"rendered":"Retrospectiva: A.D.C. Basf\/ Suvinil sub-8 vence o G.R. Gremetal\/Col. Liceu Santista e garante o t\u00edtulo do Metropolitano S\u00e9rie Prata"},"content":{"rendered":"<p>Saiu mais um campe\u00e3o na manh\u00e3 do feriado de Dia das Crian\u00e7as (12 de outubro). Jogando no Gin\u00e1sio Presidente Ciro II, o Basf\/Suvinil venceu o Gremetal por 5 a 1 e levou para casa o trof\u00e9u na categoria Sub-8 do Metropolitano S\u00e9rie Prata.<br \/>\nNo jogo de ida, realizado no \u00faltimo dia 7, a partida terminou empatada em 1 a 1. Uma vit\u00f3ria simples de ambos os times era o suficiente para garantirem o t\u00edtulo da categoria.<br \/>\n<strong>O jogo<\/strong><br \/>\nTodos os seis gol foram anotados ainda na primeira etapa, com o Basf\/Suvinil abrindo o placar logo aos 18 segundos, com Kevyn. aos quatro, Luis Felipe empatou o jogo. Por\u00e9m, cinco segundos depois, Diego Cilto tratou de deixar o Basf\/Suvinil \u00e0 frente do placar novamente. Kevyn, destaque da final, anotou ainda o terceiro, quarto e quinto gol dos campe\u00f5es, aos 11, 13 e 16 minutos, respectivamente, decretando o resultado e o t\u00edtulo.<\/p>\n","protected":false},"excerpt":{"rendered":"<p>Saiu mais um campe\u00e3o na manh\u00e3 do feriado de Dia das Crian\u00e7as (12 de outubro). Jogando no Gin\u00e1sio Presidente Ciro<\/p>\n","protected":false},"author":1,"featured_media":22032,"comment_status":"closed","ping_status":"open","sticky":false,"template":"","format":"standard","meta":{"footnotes":""},"categories":[34],"tags":[485,42,2285,2343],"class_list":["post-22030","post","type-post","status-publish","format-standard","has-post-thumbnail","hentry","category-metropolitano-serie-unica","tag-campeonato-metropolitano-serie-unica","tag-fpfs","tag-serie-prata","tag-sub-8"],"_links":{"self":[{"href":"https:\/\/www.federacaopaulistadefutsal.com.br\/novo\/wp-json\/wp\/v2\/posts\/22030","targetHints":{"allow":["GET"]}}],"collection":[{"href":"https:\/\/www.federacaopaulistadefutsal.com.br\/novo\/wp-json\/wp\/v2\/posts"}],"about":[{"href":"https:\/\/www.federacaopaulistadefutsal.com.br\/novo\/wp-json\/wp\/v2\/types\/post"}],"author":[{"embeddable":true,"href":"https:\/\/www.federacaopaulistadefutsal.com.br\/novo\/wp-json\/wp\/v2\/users\/1"}],"replies":[{"embeddable":true,"href":"https:\/\/www.federacaopaulistadefutsal.com.br\/novo\/wp-json\/wp\/v2\/comments?post=22030"}],"version-history":[{"count":0,"href":"https:\/\/www.federacaopaulistadefutsal.com.br\/novo\/wp-json\/wp\/v2\/posts\/22030\/revisions"}],"wp:featuredmedia":[{"embeddable":true,"href":"https:\/\/www.federacaopaulistadefutsal.com.br\/novo\/wp-json\/"}],"wp:attachment":[{"href":"https:\/\/www.federacaopaulistadefutsal.com.br\/novo\/wp-json\/wp\/v2\/media?parent=22030"}],"wp:term":[{"taxonomy":"category","embeddable":true,"href":"https:\/\/www.federacaopaulistadefutsal.com.br\/novo\/wp-json\/wp\/v2\/categories?post=22030"},{"taxonomy":"post_tag","embeddable":true,"href":"https:\/\/www.federacaopaulistadefutsal.com.br\/novo\/wp-json\/wp\/v2\/tags?post=22030"}],"curies":[{"name":"wp","href":"https:\/\/api.w.org\/{rel}","templated":true}]}}