{"id":22107,"date":"2018-03-03T17:33:43","date_gmt":"2018-03-03T17:33:43","guid":{"rendered":"http:\/\/www.federacaopaulistadefutsal.com.br\/?p=22107"},"modified":"2018-03-03T17:33:43","modified_gmt":"2018-03-03T17:33:43","slug":"goleiro-do-palmeiras-ira-participar-do-mundial-estudantil","status":"publish","type":"post","link":"https:\/\/www.federacaopaulistadefutsal.com.br\/novo\/goleiro-do-palmeiras-ira-participar-do-mundial-estudantil\/","title":{"rendered":"Goleiro do Palmeiras ir\u00e1 participar do Mundial Estudantil"},"content":{"rendered":"<p>Ap\u00f3s um 2017 muito vitorioso com a camisa do Palmeiras e sele\u00e7\u00e3o paulista,\u00a0 goleiro Gustavo tem uma nova miss\u00e3o. Mas desta vez, fora do Brasil. Na pr\u00f3xima dia 12, o atleta ir\u00e1 participar do Campeonato Mundial Estudantil \u2013 Categoria Sub-18. A competi\u00e7\u00e3o acontece em Israel, onde Gustavo vai defender as cores do Col\u00e9gio Amorim (atual bicampe\u00e3o)<br \/>\nSer\u00e3o 10 dias de competi\u00e7\u00e3o, na qual a equipe brasileira ter\u00e1 pela frente a Turquia,\u00a0 Ge\u00f3rgia e Taipei. Mas\u00a0nesse mesmo torneio ainda tem Fran\u00e7a, B\u00e9lgica e It\u00e1lia.<br \/>\nA maior expectativa e fazer um excelente desempenho e ajudar o time a trazer o bicampeonato mundial. Vale lembrar que o campeonato \u00e9 sub-18 e ele e o atleta ainda pertence \u00e0 categoria sub-17<br \/>\n<em>Foto: Divulga\u00e7\u00e3o<\/em><\/p>\n","protected":false},"excerpt":{"rendered":"<p>Ap\u00f3s um 2017 muito vitorioso com a camisa do Palmeiras e sele\u00e7\u00e3o paulista,\u00a0 goleiro Gustavo tem uma nova miss\u00e3o. Mas<\/p>\n","protected":false},"author":1,"featured_media":22108,"comment_status":"closed","ping_status":"open","sticky":false,"template":"","format":"standard","meta":{"footnotes":""},"categories":[33],"tags":[42,2158,2340],"class_list":["post-22107","post","type-post","status-publish","format-standard","has-post-thumbnail","hentry","category-menores","tag-fpfs","tag-s-e-palmeiras","tag-sub-17"],"_links":{"self":[{"href":"https:\/\/www.federacaopaulistadefutsal.com.br\/novo\/wp-json\/wp\/v2\/posts\/22107","targetHints":{"allow":["GET"]}}],"collection":[{"href":"https:\/\/www.federacaopaulistadefutsal.com.br\/novo\/wp-json\/wp\/v2\/posts"}],"about":[{"href":"https:\/\/www.federacaopaulistadefutsal.com.br\/novo\/wp-json\/wp\/v2\/types\/post"}],"author":[{"embeddable":true,"href":"https:\/\/www.federacaopaulistadefutsal.com.br\/novo\/wp-json\/wp\/v2\/users\/1"}],"replies":[{"embeddable":true,"href":"https:\/\/www.federacaopaulistadefutsal.com.br\/novo\/wp-json\/wp\/v2\/comments?post=22107"}],"version-history":[{"count":0,"href":"https:\/\/www.federacaopaulistadefutsal.com.br\/novo\/wp-json\/wp\/v2\/posts\/22107\/revisions"}],"wp:featuredmedia":[{"embeddable":true,"href":"https:\/\/www.federacaopaulistadefutsal.com.br\/novo\/wp-json\/"}],"wp:attachment":[{"href":"https:\/\/www.federacaopaulistadefutsal.com.br\/novo\/wp-json\/wp\/v2\/media?parent=22107"}],"wp:term":[{"taxonomy":"category","embeddable":true,"href":"https:\/\/www.federacaopaulistadefutsal.com.br\/novo\/wp-json\/wp\/v2\/categories?post=22107"},{"taxonomy":"post_tag","embeddable":true,"href":"https:\/\/www.federacaopaulistadefutsal.com.br\/novo\/wp-json\/wp\/v2\/tags?post=22107"}],"curies":[{"name":"wp","href":"https:\/\/api.w.org\/{rel}","templated":true}]}}