{"id":22114,"date":"2018-03-04T17:14:28","date_gmt":"2018-03-04T17:14:28","guid":{"rendered":"http:\/\/www.federacaopaulistadefutsal.com.br\/?p=22114"},"modified":"2018-03-04T17:14:28","modified_gmt":"2018-03-04T17:14:28","slug":"kazu-aposta-na-base-para-suprir-as-saidas-de-pecas-importantes-do-elenco-ababeano","status":"publish","type":"post","link":"https:\/\/www.federacaopaulistadefutsal.com.br\/novo\/kazu-aposta-na-base-para-suprir-as-saidas-de-pecas-importantes-do-elenco-ababeano\/","title":{"rendered":"Kazu aposta na base ababeana para suprir as sa\u00eddas de pe\u00e7as importantes do elenco principal"},"content":{"rendered":"<p>A equipe da AABB\/Mapfre segue se preparando para a disputa da LPF,\u00a0 que tem previs\u00e3o de inicio na segunda semana do m\u00eas de abril. Sendo assim, Faltando pouco mais de um m\u00eas para a estreia do time paulista no torneio, o treinador Kazu intensifica os trabalhos junto ao elenco, visando uma melhora no esquema t\u00e1tico e, principalmente no aspecto de adapta\u00e7\u00e3o das. Isso porque ainda na temporada passada, a AABB se viu em meio a uma esp\u00e9cie de &#8220;desmanche&#8221; em seu elenco.<br \/>\nAtletas como John Lucas, Vitor Mello e Betinho, principais pe\u00e7as do time, migraram para o exterior: Jap\u00e3o, It\u00e1lia e Cazaquist\u00e3o, respectivamente. N\u00e3o fosse o bastante, no in\u00edcio deste ano, Kazu viu seu elenco sofrer mais duas baixas: Henrique deu adeus a AABB e se transferiu para o Corinthinans, enquanto o goleiro Lucas foi defender as coras do Magnus.<br \/>\nPor conta disso, Kazu teve que fazer uma esp\u00e9cie de reestrutura\u00e7\u00e3o no elenco, e olhou para a base como uma maneira de suprir os desfalques.\u00a0&#8220;Durante o ano de 2017, tivemos perdas importantes, e nesta virada de temporada perdemos o Henrique e o Lucas. Eram atletas importantes que mantinham nosso entrosamento, aspecto fundamente para a nossa equipe&#8221;, ressaltou.<br \/>\nCinco atletas que se destacaram na base foram promovidos para o time principal ababeano: Salada, Caio Daniel e Bigode, sendo os dois \u00faltimos atletas da categoria sub-20. A \u00fanica contrata\u00e7\u00e3o feita pelo clube foi o ala-canhoto, L\u00e9o.<br \/>\nA divulga\u00e7\u00e3o do primeiro advers\u00e1rio dos comandados de Kazu na LPF acontece no pr\u00f3ximo dia 10 desse m\u00eas. At\u00e9 o dia oficial da estreia, o treinador dar\u00e1 continuidade ao processo de entrosamento do elenco, e analisando o desempenho de cada jogador em suas respectivas posi\u00e7\u00f5es.<br \/>\n&#8221; O entrosamento \u00e9 importante em nosso grupo. Estamos tentando suprir a perda do n\u00famero excessivo de atletas com jogadores do sub-20, que j\u00e1 participam das nossas atividades&#8221;, concluiu.<\/p>\n","protected":false},"excerpt":{"rendered":"<p>A equipe da AABB\/Mapfre segue se preparando para a disputa da LPF,\u00a0 que tem previs\u00e3o de inicio na segunda semana<\/p>\n","protected":false},"author":1,"featured_media":22117,"comment_status":"closed","ping_status":"open","sticky":false,"template":"","format":"standard","meta":{"footnotes":""},"categories":[25,32],"tags":[136,553,653,42,1146],"class_list":["post-22114","post","type-post","status-publish","format-standard","has-post-thumbnail","hentry","category-destaques","category-maiores","tag-aabbmapfre","tag-categorias-maiores","tag-competicoes","tag-fpfs","tag-futsal-mascuino"],"_links":{"self":[{"href":"https:\/\/www.federacaopaulistadefutsal.com.br\/novo\/wp-json\/wp\/v2\/posts\/22114","targetHints":{"allow":["GET"]}}],"collection":[{"href":"https:\/\/www.federacaopaulistadefutsal.com.br\/novo\/wp-json\/wp\/v2\/posts"}],"about":[{"href":"https:\/\/www.federacaopaulistadefutsal.com.br\/novo\/wp-json\/wp\/v2\/types\/post"}],"author":[{"embeddable":true,"href":"https:\/\/www.federacaopaulistadefutsal.com.br\/novo\/wp-json\/wp\/v2\/users\/1"}],"replies":[{"embeddable":true,"href":"https:\/\/www.federacaopaulistadefutsal.com.br\/novo\/wp-json\/wp\/v2\/comments?post=22114"}],"version-history":[{"count":0,"href":"https:\/\/www.federacaopaulistadefutsal.com.br\/novo\/wp-json\/wp\/v2\/posts\/22114\/revisions"}],"wp:featuredmedia":[{"embeddable":true,"href":"https:\/\/www.federacaopaulistadefutsal.com.br\/novo\/wp-json\/"}],"wp:attachment":[{"href":"https:\/\/www.federacaopaulistadefutsal.com.br\/novo\/wp-json\/wp\/v2\/media?parent=22114"}],"wp:term":[{"taxonomy":"category","embeddable":true,"href":"https:\/\/www.federacaopaulistadefutsal.com.br\/novo\/wp-json\/wp\/v2\/categories?post=22114"},{"taxonomy":"post_tag","embeddable":true,"href":"https:\/\/www.federacaopaulistadefutsal.com.br\/novo\/wp-json\/wp\/v2\/tags?post=22114"}],"curies":[{"name":"wp","href":"https:\/\/api.w.org\/{rel}","templated":true}]}}