{"id":22137,"date":"2018-03-05T15:22:36","date_gmt":"2018-03-05T15:22:36","guid":{"rendered":"http:\/\/www.federacaopaulistadefutsal.com.br\/?p=22137"},"modified":"2018-03-05T15:22:36","modified_gmt":"2018-03-05T15:22:36","slug":"em-processo-de-adaptacao-paola-e-lorena-britez-destacam-importancia-do-elenco-do-cats-dentro-e-fora-de-quadra","status":"publish","type":"post","link":"https:\/\/www.federacaopaulistadefutsal.com.br\/novo\/em-processo-de-adaptacao-paola-e-lorena-britez-destacam-importancia-do-elenco-do-cats-dentro-e-fora-de-quadra\/","title":{"rendered":"Em processo de adapta\u00e7\u00e3o, g\u00eameas paraguaias destacam import\u00e2ncia do elenco do Cats dentro e fora de quadra"},"content":{"rendered":"<p>No \u00faltimo m\u00eas de fevereiro, o futsal feminino do Tabo\u00e3o da Serra inovou em rela\u00e7\u00e3o as contrata\u00e7\u00f5es. A diretoria do Cats anunciou duas jogadoras estrangeiras para refor\u00e7ar o elenco na atual temporada. Tratam-se das g\u00eameas paraguaias, Paola e Lorena Britez.<br \/>\nCom apenas 19 anos, as irm\u00e3s desembarcaram no pa\u00eds carregando uma bagagem de respeito: a fixo Lorena,e a ala Paola possuem passagens pelas categorias de base e adulta da Sele\u00e7\u00e3o Paraguaia. O \u00faltimo clube das jogadoras, naturais de Hernandarias, foi o\u00a0Club Sport Colonial,\u00a0 onde foram campe\u00e3s do campeonato nacional local.<br \/>\n<figure id=\"attachment_22140\" aria-describedby=\"caption-attachment-22140\" style=\"width: 509px\" class=\"wp-caption aligncenter\"><a href=\"http:\/\/www.federacaopaulistadefutsal.com.br\/wp-content\/uploads\/2018\/03\/28536495_1452315548211124_1058827126_n.jpg\"><img fetchpriority=\"high\" decoding=\"async\" class=\" wp-image-22140\" src=\"http:\/\/www.federacaopaulistadefutsal.com.br\/wp-content\/uploads\/2018\/03\/28536495_1452315548211124_1058827126_n.jpg\" alt=\"\" width=\"509\" height=\"509\" \/><\/a><figcaption id=\"caption-attachment-22140\" class=\"wp-caption-text\">Paola, em a\u00e7\u00e3o pelo Sport Colonial. Foto: Divulga\u00e7\u00e3o<\/figcaption><\/figure><br \/>\n&#8220;Eu fiquei muito motivada pela proposta do Tabo\u00e3o, aqui o jogo \u00e9 muito diferente e acho que vai me ajudar muito para crescer como jogadora e pessoa&#8221;, destaca Paola.<br \/>\nLorena segue o mesmo pensamento da irm\u00e3, e espera aprender e absorver o m\u00e1ximo de informa\u00e7\u00e3o para evoluir o seu futsal. &#8220;As meninas jogam muito bem, e isso para n\u00f3s \u00e9 uma satisfa\u00e7\u00e3o, porque vamos aprender muito aqui no Brasil. Os atletas brasileiros jogam muito bem. A forma de jogar \u00e9 muito diferente em rela\u00e7\u00e3o ao do Paraguai, o estilo de jogo&#8221;, disse.<br \/>\nPerguntadas sobre terem uma refer\u00eancia na modalidade, as g\u00eameas compartilham do mesmo pensamento: t\u00eam como refer\u00eancia de seu pa\u00eds a fixo Silvia Getto, tamb\u00e9m atleta da Sele\u00e7\u00e3o Paraguaia.\u00a0Por\u00e9m, em terras tupiniquins Lorena e Paola\u00a0 tamb\u00e9m possuem refer\u00eancias.<br \/>\n&#8220;No clube onde estamos agora eu tamb\u00e9m tenho uma refer\u00eancia, ela tamb\u00e9m \u00e9 fixa: a Suzana&#8221;, relata Lorena.<br \/>\nJ\u00e1 Paola n\u00e3o destacou uma atleta em espec\u00edfico, mas sim todas as atletas do Tabo\u00e3o da Serra, que est\u00e3o ajudando tanto ela quanto a sua irm\u00e3 no dia a dia dentro e fora das quadras. &#8220;Minhas refer\u00eancias s\u00e3o minhas companheiras de quadra. Elas est\u00e3o me ajudando bastante para que eu possa estar o mais r\u00e1pido poss\u00edvel no ritmo delas&#8221;.<br \/>\nTreinadas pela Cris, as irm\u00e3s seguir\u00e3o com as suas respectivas adapta\u00e7\u00f5es, principalmente em quadra, para estarem prontas quando estrearem nos campeonatos que ser\u00e3o disputado pelo Tabo\u00e3o da Serra ao longo do ano. Enquanto Paola vem se adaptando rapidamente ao estilo de jogado sugerido pela treinadora e espera colher os frutos em sua estadia no pa\u00eds, Lorena vem aprimorando a parte t\u00e1tica nos treinos pr\u00e1ticos para se adaptar o mais r\u00e1pido poss\u00edvel ao estilo de jogo do elenco.<br \/>\n&#8220;No come\u00e7o foi um pouco dif\u00edcil, pelos movimentos de jogo e toques de bola. Mas, depois das pr\u00e1ticas eu j\u00e1 estou melhorando e aprendendo muito com as meninas e a treinadora. Tudo \u00e9 diferente. Mas, estou me adaptando&#8221;, conclui Lorena.<br \/>\n<figure id=\"attachment_22143\" aria-describedby=\"caption-attachment-22143\" style=\"width: 403px\" class=\"wp-caption aligncenter\"><a href=\"http:\/\/www.federacaopaulistadefutsal.com.br\/wp-content\/uploads\/2018\/03\/28535520_1452315551544457_191637827_n.jpg\"><img decoding=\"async\" class=\"wp-image-22143\" src=\"http:\/\/www.federacaopaulistadefutsal.com.br\/wp-content\/uploads\/2018\/03\/28535520_1452315551544457_191637827_n.jpg\" alt=\"\" width=\"403\" height=\"716\" \/><\/a><figcaption id=\"caption-attachment-22143\" class=\"wp-caption-text\">Lorena e Paola s\u00e3o as principais contrata\u00e7\u00f5es do Tabo\u00e3o da Serra para a temporada. Foto: Divulga\u00e7\u00e3o<\/figcaption><\/figure><br \/>\n&nbsp;<\/p>\n","protected":false},"excerpt":{"rendered":"<p>No \u00faltimo m\u00eas de fevereiro, o futsal feminino do Tabo\u00e3o da Serra inovou em rela\u00e7\u00e3o as contrata\u00e7\u00f5es. A diretoria do<\/p>\n","protected":false},"author":1,"featured_media":22142,"comment_status":"closed","ping_status":"open","sticky":false,"template":"","format":"standard","meta":{"footnotes":""},"categories":[25,26,32],"tags":[439,653,42,1138],"class_list":["post-22137","post","type-post","status-publish","format-standard","has-post-thumbnail","hentry","category-destaques","category-feminino","category-maiores","tag-c-a-taboao-da-serra","tag-competicoes","tag-fpfs","tag-futsal-feminino"],"_links":{"self":[{"href":"https:\/\/www.federacaopaulistadefutsal.com.br\/novo\/wp-json\/wp\/v2\/posts\/22137","targetHints":{"allow":["GET"]}}],"collection":[{"href":"https:\/\/www.federacaopaulistadefutsal.com.br\/novo\/wp-json\/wp\/v2\/posts"}],"about":[{"href":"https:\/\/www.federacaopaulistadefutsal.com.br\/novo\/wp-json\/wp\/v2\/types\/post"}],"author":[{"embeddable":true,"href":"https:\/\/www.federacaopaulistadefutsal.com.br\/novo\/wp-json\/wp\/v2\/users\/1"}],"replies":[{"embeddable":true,"href":"https:\/\/www.federacaopaulistadefutsal.com.br\/novo\/wp-json\/wp\/v2\/comments?post=22137"}],"version-history":[{"count":0,"href":"https:\/\/www.federacaopaulistadefutsal.com.br\/novo\/wp-json\/wp\/v2\/posts\/22137\/revisions"}],"wp:featuredmedia":[{"embeddable":true,"href":"https:\/\/www.federacaopaulistadefutsal.com.br\/novo\/wp-json\/"}],"wp:attachment":[{"href":"https:\/\/www.federacaopaulistadefutsal.com.br\/novo\/wp-json\/wp\/v2\/media?parent=22137"}],"wp:term":[{"taxonomy":"category","embeddable":true,"href":"https:\/\/www.federacaopaulistadefutsal.com.br\/novo\/wp-json\/wp\/v2\/categories?post=22137"},{"taxonomy":"post_tag","embeddable":true,"href":"https:\/\/www.federacaopaulistadefutsal.com.br\/novo\/wp-json\/wp\/v2\/tags?post=22137"}],"curies":[{"name":"wp","href":"https:\/\/api.w.org\/{rel}","templated":true}]}}