{"id":2214,"date":"2014-10-01T16:21:41","date_gmt":"2014-10-01T16:21:41","guid":{"rendered":"http:\/\/www.federacaopaulistadefutsal.com.br\/?p=2214"},"modified":"2014-10-01T16:21:41","modified_gmt":"2014-10-01T16:21:41","slug":"ntelli-pronta-para-encarar-o-dynamo-da-russia-pela-supercopa","status":"publish","type":"post","link":"https:\/\/www.federacaopaulistadefutsal.com.br\/novo\/ntelli-pronta-para-encarar-o-dynamo-da-russia-pela-supercopa\/","title":{"rendered":"Intelli pronta para encarar o Dynamo, da R\u00fassia, pela Supercopa"},"content":{"rendered":"<p>Com o pensamento \u00fanico de vit\u00f3ria. \u00c9 assim que os atletas da Intelli (SP) encaram o primeiro jogo na Supercopa do Mundo de Futsal, que come\u00e7a na pr\u00f3xima quinta-feira (2\/10), a partir das 9h, em Almaty, no Cazaquist\u00e3o, com transmiss\u00e3o ao vivo para todo o Brasil atrav\u00e9s do canal por assinatura SporTV 2.<br \/>\nOs brasileiros ter\u00e3o pela frente o Dynamo Moscou, da R\u00fassia, e quem vencer na partida ir\u00e1 disputar o t\u00edtulo com o vencedor de Kairat Almaty (CAZ), equipe sediante do torneio e Chonburi (TAI), clube da Tail\u00e2ndia campe\u00e3o asi\u00e1tico de 2012\/13.<br \/>\nUm dos destaques da Intelli, o goleiro Guitta ressalta a disposi\u00e7\u00e3o do grupo para conquistar o Mundial. Ele ainda destaca um fator positivo na edi\u00e7\u00e3o atual, que consagrar\u00e1 o campe\u00e3o em apenas dois jogos.<br \/>\n&#8220;A Intelii chega com for\u00e7a total ao torneio, com todos os atletas \u00e0 disposi\u00e7\u00e3o do treinado Cid\u00e3o. Vamos dar o m\u00e1ximo para conseguir voltar para o Brasil com o trof\u00e9u. Al\u00e9m disso, a competi\u00e7\u00e3o deste ano \u00e9 breve e at\u00e9 ajuda, j\u00e1 que n\u00e3o vai ter desgaste de muitas partidas&#8221;, afirma.<br \/>\nReencontro<br \/>\nNo torneio mundial de clubes de 2013, realizado nos Estados Unidos, russos e brasileiros se enfrentaram. Na partida, o Dynamo levou a melhor sobre a Intelli, situa\u00e7\u00e3o que os orlandinos esperam reverter na quinta-feira.<br \/>\n&#8220;Aquela partida foi muito disputada, com intensa rivalidade e muitas chances para os dois lados. Eu acho que temos que aprender com tudo que aconteceu naquele jogo e n\u00e3o errar nesse pr\u00f3ximo. Temos qualidade para sair com a vit\u00f3ria e a classifica\u00e7\u00e3o para a final&#8221;, pontua.<br \/>\nCom direito a transmiss\u00e3o, Guitta aproveita para mandar um recado ao torcedor brasileiro que ficar\u00e1 grudado na &#8216;telinha&#8217; de olho no jogo da Intelli.<br \/>\n&#8220;Convido a todos amantes do futsal para assistir a esse jog\u00e3o de futsal. Mandem suas vibra\u00e7\u00f5es positivas que isso faz diferen\u00e7a nos momentos de decis\u00e3o. Contamos com a torcida de todos os brasileiros&#8221;, diz.<br \/>\nPor Assessoria FPFS<br \/>\n*Com informa\u00e7\u00f5es CBFS<\/p>\n","protected":false},"excerpt":{"rendered":"<p>Com o pensamento \u00fanico de vit\u00f3ria. \u00c9 assim que os atletas da Intelli (SP) encaram o primeiro jogo na Supercopa<\/p>\n","protected":false},"author":1,"featured_media":0,"comment_status":"open","ping_status":"open","sticky":false,"template":"","format":"standard","meta":{"footnotes":""},"categories":[25,32],"tags":[1252,1323,1702],"class_list":["post-2214","post","type-post","status-publish","format-standard","hentry","category-destaques","category-maiores","tag-guitta","tag-intelli","tag-mundial"],"_links":{"self":[{"href":"https:\/\/www.federacaopaulistadefutsal.com.br\/novo\/wp-json\/wp\/v2\/posts\/2214","targetHints":{"allow":["GET"]}}],"collection":[{"href":"https:\/\/www.federacaopaulistadefutsal.com.br\/novo\/wp-json\/wp\/v2\/posts"}],"about":[{"href":"https:\/\/www.federacaopaulistadefutsal.com.br\/novo\/wp-json\/wp\/v2\/types\/post"}],"author":[{"embeddable":true,"href":"https:\/\/www.federacaopaulistadefutsal.com.br\/novo\/wp-json\/wp\/v2\/users\/1"}],"replies":[{"embeddable":true,"href":"https:\/\/www.federacaopaulistadefutsal.com.br\/novo\/wp-json\/wp\/v2\/comments?post=2214"}],"version-history":[{"count":0,"href":"https:\/\/www.federacaopaulistadefutsal.com.br\/novo\/wp-json\/wp\/v2\/posts\/2214\/revisions"}],"wp:attachment":[{"href":"https:\/\/www.federacaopaulistadefutsal.com.br\/novo\/wp-json\/wp\/v2\/media?parent=2214"}],"wp:term":[{"taxonomy":"category","embeddable":true,"href":"https:\/\/www.federacaopaulistadefutsal.com.br\/novo\/wp-json\/wp\/v2\/categories?post=2214"},{"taxonomy":"post_tag","embeddable":true,"href":"https:\/\/www.federacaopaulistadefutsal.com.br\/novo\/wp-json\/wp\/v2\/tags?post=2214"}],"curies":[{"name":"wp","href":"https:\/\/api.w.org\/{rel}","templated":true}]}}