{"id":22238,"date":"2018-03-07T15:21:34","date_gmt":"2018-03-07T15:21:34","guid":{"rendered":"http:\/\/www.federacaopaulistadefutsal.com.br\/?p=22238"},"modified":"2018-03-07T15:21:34","modified_gmt":"2018-03-07T15:21:34","slug":"com-atletas-recem-chegados-tecnico-da-liga-leste-reabilitar-busca-dar-padrao-de-jogo-ao-elenco","status":"publish","type":"post","link":"https:\/\/www.federacaopaulistadefutsal.com.br\/novo\/com-atletas-recem-chegados-tecnico-da-liga-leste-reabilitar-busca-dar-padrao-de-jogo-ao-elenco\/","title":{"rendered":"Com atletas rec\u00e9m-chegados, t\u00e9cnico da Liga Leste Reabilitar busca dar padr\u00e3o de jogo ao elenco"},"content":{"rendered":"<p>Ainda em no m\u00eas de janeiro, as categorias de base da Liga Leste retornaram aos treinamentos visando as competi\u00e7\u00f5es organizadas pela FPFS. Na temporada passada, a equipe sub-18 do clube paulista acabou fechando o ano com um t\u00edtulo importante: conquistou o Estadual A2 S\u00e9rie Ouro.<br \/>\nDo elenco campe\u00e3o, apenas cinco atletas permaneceram, enquanto outros nove deixaram o clube em decorr\u00eancia da idade avan\u00e7ada ou por quest\u00f5es de transfer\u00eancias para outros clubes.<br \/>\nApesar das perdas, a comiss\u00e3o t\u00e9cnica comandada por Zizo segue trabalhando com os remanescente e tamb\u00e9m com as caras novas que est\u00e3o pintando no clube &#8211; cerca de 10 atletas chegaram para recompor os que sa\u00edram.<br \/>\nPassado pouco mais de um m\u00eas desde a reapresenta\u00e7\u00e3o, o treinador admite que o elenco est\u00e1 come\u00e7ando a encaixar agora, mas ainda levar\u00e1 mais algum tempo para os garotos assimilarem o padr\u00e3o de jogo colocado pelo comandante.<br \/>\n&#8220;Estamos trabalhando a parte f\u00edsica, t\u00e1tica e t\u00e9cnica para dar padr\u00e3o de jogos aos rapazes, pois houve uma reformula\u00e7\u00e3o de quase 80% em rela\u00e7\u00e3o ao elenco da temporada passada. &#8220;, ressalta Zizo.<br \/>\nOs treinamentos seguem intensos todas as segundas e quartas-feiras, no Clube dos Securit\u00e1rios, sempre das 20h30 \u00e0s 22h.<\/p>\n","protected":false},"excerpt":{"rendered":"<p>Ainda em no m\u00eas de janeiro, as categorias de base da Liga Leste retornaram aos treinamentos visando as competi\u00e7\u00f5es organizadas<\/p>\n","protected":false},"author":1,"featured_media":22240,"comment_status":"closed","ping_status":"open","sticky":false,"template":"","format":"standard","meta":{"footnotes":""},"categories":[25,33],"tags":[977,42,44,2341],"class_list":["post-22238","post","type-post","status-publish","format-standard","has-post-thumbnail","hentry","category-destaques","category-menores","tag-estadual-a2","tag-fpfs","tag-liga-leste-reabilitar","tag-sub-18"],"_links":{"self":[{"href":"https:\/\/www.federacaopaulistadefutsal.com.br\/novo\/wp-json\/wp\/v2\/posts\/22238","targetHints":{"allow":["GET"]}}],"collection":[{"href":"https:\/\/www.federacaopaulistadefutsal.com.br\/novo\/wp-json\/wp\/v2\/posts"}],"about":[{"href":"https:\/\/www.federacaopaulistadefutsal.com.br\/novo\/wp-json\/wp\/v2\/types\/post"}],"author":[{"embeddable":true,"href":"https:\/\/www.federacaopaulistadefutsal.com.br\/novo\/wp-json\/wp\/v2\/users\/1"}],"replies":[{"embeddable":true,"href":"https:\/\/www.federacaopaulistadefutsal.com.br\/novo\/wp-json\/wp\/v2\/comments?post=22238"}],"version-history":[{"count":0,"href":"https:\/\/www.federacaopaulistadefutsal.com.br\/novo\/wp-json\/wp\/v2\/posts\/22238\/revisions"}],"wp:featuredmedia":[{"embeddable":true,"href":"https:\/\/www.federacaopaulistadefutsal.com.br\/novo\/wp-json\/"}],"wp:attachment":[{"href":"https:\/\/www.federacaopaulistadefutsal.com.br\/novo\/wp-json\/wp\/v2\/media?parent=22238"}],"wp:term":[{"taxonomy":"category","embeddable":true,"href":"https:\/\/www.federacaopaulistadefutsal.com.br\/novo\/wp-json\/wp\/v2\/categories?post=22238"},{"taxonomy":"post_tag","embeddable":true,"href":"https:\/\/www.federacaopaulistadefutsal.com.br\/novo\/wp-json\/wp\/v2\/tags?post=22238"}],"curies":[{"name":"wp","href":"https:\/\/api.w.org\/{rel}","templated":true}]}}