{"id":22443,"date":"2018-03-14T23:12:59","date_gmt":"2018-03-14T23:12:59","guid":{"rendered":"http:\/\/www.federacaopaulistadefutsal.com.br\/?p=22443"},"modified":"2018-03-14T23:12:59","modified_gmt":"2018-03-14T23:12:59","slug":"italo-se-apresenta-a-adc-intelli-e-fala-sobre-esta-nova-oportunidade","status":"publish","type":"post","link":"https:\/\/www.federacaopaulistadefutsal.com.br\/novo\/italo-se-apresenta-a-adc-intelli-e-fala-sobre-esta-nova-oportunidade\/","title":{"rendered":"\u00cdtalo se apresenta \u00e0 ADC Intelli e fala sobre esta nova oportunidade"},"content":{"rendered":"<p>De volta ao Estado de S\u00e3o Paulo, onde defendeu clubes como AABB, Palmeiras, S\u00e3o Caetano e S\u00e3o Paulo\/S\u00e3o Bernardo, o piv\u00f4 \u00cdtalo ir\u00e1 atuar na ADC Intelli\/Recon\/Para\u00edso. O atleta, que na \u00faltima temporada vestiu as cores do Conc\u00f3rdia (SC), se apresentou nesta semana ao time paulista, e se diz muito motivado com mais esta oportunidade:<br \/>\n\u201cNesta semana me apresentei na ADC Intelli\/ Para\u00edso, equipe bicampe\u00e3 da Liga Nacional de Futsal e que terei o imenso prazer de defender nesta temporada. Um novo desafio em minha carreira, mas que tentarei com muito suor, trabalho e dedica\u00e7\u00e3o retribuir esta oportunidade que est\u00e1 sendo me dada\u201d, disse o atleta em uma Rede Social.<\/p>\n","protected":false},"excerpt":{"rendered":"<p>De volta ao Estado de S\u00e3o Paulo, onde defendeu clubes como AABB, Palmeiras, S\u00e3o Caetano e S\u00e3o Paulo\/S\u00e3o Bernardo, o<\/p>\n","protected":false},"author":1,"featured_media":22444,"comment_status":"closed","ping_status":"open","sticky":false,"template":"","format":"standard","meta":{"footnotes":""},"categories":[32],"tags":[171,42,1146],"class_list":["post-22443","post","type-post","status-publish","format-standard","has-post-thumbnail","hentry","category-maiores","tag-adc-intelli","tag-fpfs","tag-futsal-mascuino"],"_links":{"self":[{"href":"https:\/\/www.federacaopaulistadefutsal.com.br\/novo\/wp-json\/wp\/v2\/posts\/22443","targetHints":{"allow":["GET"]}}],"collection":[{"href":"https:\/\/www.federacaopaulistadefutsal.com.br\/novo\/wp-json\/wp\/v2\/posts"}],"about":[{"href":"https:\/\/www.federacaopaulistadefutsal.com.br\/novo\/wp-json\/wp\/v2\/types\/post"}],"author":[{"embeddable":true,"href":"https:\/\/www.federacaopaulistadefutsal.com.br\/novo\/wp-json\/wp\/v2\/users\/1"}],"replies":[{"embeddable":true,"href":"https:\/\/www.federacaopaulistadefutsal.com.br\/novo\/wp-json\/wp\/v2\/comments?post=22443"}],"version-history":[{"count":0,"href":"https:\/\/www.federacaopaulistadefutsal.com.br\/novo\/wp-json\/wp\/v2\/posts\/22443\/revisions"}],"wp:featuredmedia":[{"embeddable":true,"href":"https:\/\/www.federacaopaulistadefutsal.com.br\/novo\/wp-json\/"}],"wp:attachment":[{"href":"https:\/\/www.federacaopaulistadefutsal.com.br\/novo\/wp-json\/wp\/v2\/media?parent=22443"}],"wp:term":[{"taxonomy":"category","embeddable":true,"href":"https:\/\/www.federacaopaulistadefutsal.com.br\/novo\/wp-json\/wp\/v2\/categories?post=22443"},{"taxonomy":"post_tag","embeddable":true,"href":"https:\/\/www.federacaopaulistadefutsal.com.br\/novo\/wp-json\/wp\/v2\/tags?post=22443"}],"curies":[{"name":"wp","href":"https:\/\/api.w.org\/{rel}","templated":true}]}}