{"id":22495,"date":"2018-03-17T18:02:12","date_gmt":"2018-03-17T18:02:12","guid":{"rendered":"http:\/\/www.federacaopaulistadefutsal.com.br\/?p=22495"},"modified":"2018-03-17T18:02:12","modified_gmt":"2018-03-17T18:02:12","slug":"equipes-menores-da-aa-fib-total-moveis-ressaca-fc-estreiam-em-copa-regional","status":"publish","type":"post","link":"https:\/\/www.federacaopaulistadefutsal.com.br\/novo\/equipes-menores-da-aa-fib-total-moveis-ressaca-fc-estreiam-em-copa-regional\/","title":{"rendered":"Equipes menores da AA FIB\/Total M\u00f3veis\/Ressaca FC estreiam em copa regional"},"content":{"rendered":"<p>As equipes menores da AA FIB\/Total M\u00f3veis\/Ressaca Futebol Clube ter\u00e3o o primeiro desafio da temporada neste domingo (18), pela primeira rodada da 20\u00aa Copa &#8220;Alcides Mattiuzzi&#8221; de Futsal Regional.<br \/>\nOs bauruenses iniciar\u00e3o a disputa em tr\u00eas categorias: sub-10; sub-12 e sub-14, todas contra o mesmo advers\u00e1rio: SEL\/Promiss\u00e3o. Os jogos acontecem a partir das 9h, no gin\u00e1sio Poliesportivo do Gr\u00eamio, na cidade de Promiss\u00e3o.<br \/>\nA Copa &#8220;Alcides Mattiuzzi&#8221; de Futsal Regional \u00e9 uma das competi\u00e7\u00f5es mais importantes da regi\u00e3o centro-oeste paulista para as categorias de base na modalidade.<br \/>\nE al\u00e9m deste torneio, as equipes menores da AA FIB\/Total M\u00f3veis\/Ressaca FC tamb\u00e9m disputar\u00e3o a Copa SEMEL de Bauru, ainda no primeiro semestre, e a S\u00e9rie A2 do Campeonato Paulista, promovido pela Federa\u00e7\u00e3o Paulista de Futebol de Sal\u00e3o (FPFS), no segundo semestre.<br \/>\n<em>Informa\u00e7\u00f5es: Assessoria de imprensa AA FIB.<\/em><br \/>\n<em>Foto: AA FIB\/Divulga\u00e7\u00e3o<\/em><\/p>\n","protected":false},"excerpt":{"rendered":"<p>As equipes menores da AA FIB\/Total M\u00f3veis\/Ressaca Futebol Clube ter\u00e3o o primeiro desafio da temporada neste domingo (18), pela primeira<\/p>\n","protected":false},"author":1,"featured_media":22498,"comment_status":"closed","ping_status":"open","sticky":false,"template":"","format":"standard","meta":{"footnotes":""},"categories":[29,33],"tags":[128,41,653,1141],"class_list":["post-22495","post","type-post","status-publish","format-standard","has-post-thumbnail","hentry","category-interior","category-menores","tag-aa-fib","tag-categorias-menores","tag-competicoes","tag-futsal-interior"],"_links":{"self":[{"href":"https:\/\/www.federacaopaulistadefutsal.com.br\/novo\/wp-json\/wp\/v2\/posts\/22495","targetHints":{"allow":["GET"]}}],"collection":[{"href":"https:\/\/www.federacaopaulistadefutsal.com.br\/novo\/wp-json\/wp\/v2\/posts"}],"about":[{"href":"https:\/\/www.federacaopaulistadefutsal.com.br\/novo\/wp-json\/wp\/v2\/types\/post"}],"author":[{"embeddable":true,"href":"https:\/\/www.federacaopaulistadefutsal.com.br\/novo\/wp-json\/wp\/v2\/users\/1"}],"replies":[{"embeddable":true,"href":"https:\/\/www.federacaopaulistadefutsal.com.br\/novo\/wp-json\/wp\/v2\/comments?post=22495"}],"version-history":[{"count":0,"href":"https:\/\/www.federacaopaulistadefutsal.com.br\/novo\/wp-json\/wp\/v2\/posts\/22495\/revisions"}],"wp:featuredmedia":[{"embeddable":true,"href":"https:\/\/www.federacaopaulistadefutsal.com.br\/novo\/wp-json\/"}],"wp:attachment":[{"href":"https:\/\/www.federacaopaulistadefutsal.com.br\/novo\/wp-json\/wp\/v2\/media?parent=22495"}],"wp:term":[{"taxonomy":"category","embeddable":true,"href":"https:\/\/www.federacaopaulistadefutsal.com.br\/novo\/wp-json\/wp\/v2\/categories?post=22495"},{"taxonomy":"post_tag","embeddable":true,"href":"https:\/\/www.federacaopaulistadefutsal.com.br\/novo\/wp-json\/wp\/v2\/tags?post=22495"}],"curies":[{"name":"wp","href":"https:\/\/api.w.org\/{rel}","templated":true}]}}