{"id":22656,"date":"2018-03-26T15:24:33","date_gmt":"2018-03-26T15:24:33","guid":{"rendered":"http:\/\/www.federacaopaulistadefutsal.com.br\/?p=22656"},"modified":"2018-03-26T15:24:33","modified_gmt":"2018-03-26T15:24:33","slug":"aabb-vence-fora-de-casa-e-assume-a-lideranca-do-metropolitano-a1-sub-14-confira-os-resultados","status":"publish","type":"post","link":"https:\/\/www.federacaopaulistadefutsal.com.br\/novo\/aabb-vence-fora-de-casa-e-assume-a-lideranca-do-metropolitano-a1-sub-14-confira-os-resultados\/","title":{"rendered":"AABB vence fora de casa e assume a lideran\u00e7a do Metropolitano A1 sub-14; confira os resultados"},"content":{"rendered":"<p>24\/03\/18 11:00 &#8211; Gin\u00e1sio Carlos Aldrovandi<br \/>\n<b>A.D. Indaiatuba 5 x 1\u00a0S\u00e3o Caetano Futsal<\/b><br \/>\n24\/03\/18 13:00 &#8211; Gin\u00e1sio Parque S\u00e3o Jorge<br \/>\n<b>S.C. Corinthians Paulista W x 0 Clube S\u00e3o Jo\u00e3o\/N10<\/b><br \/>\n24\/03\/18 15:00 &#8211; Gin\u00e1sio T\u00eanis Clube<br \/>\n<b>S\u00e3o Jos\u00e9 Futsal 2 x 4\u00a0Mogi das Cruzes E.C.<\/b><br \/>\n24\/03\/18 15:00 &#8211; GIN\u00c1SIO ARENA SOROCABA<br \/>\n<b>A. Sorocabana Futsal\/Magnus 2 x 3\u00a0A.A. Banco do Brasil<\/b><br \/>\n24\/03\/18 15:00 &#8211; Gin\u00e1sio Arena Palestra It\u00e1lia<br \/>\n<b>S.E. Palmeiras 4 x 0\u00a0A.A.P.G.\/Ocian P.C.<\/b><br \/>\n24\/03\/18 15:00 &#8211; Gin\u00e1sio Sebasti\u00e3o Rafael da Silva &#8211; Geod\u00e9sico<br \/>\n<b>FAE\/OSASCO\/AUDAX 1 x 2\u00a0Pulo do Gato Futsal\u00a0<\/b><br \/>\n24\/03\/18 16:00 &#8211; Gin\u00e1sio Raulz\u00e3o<br \/>\n<b>A. Portuguesa Desportos 4 x 2\u00a0S\u00e3o Paulo F.C.<\/b><br \/>\n24\/03\/18 16:00 &#8211; Gin\u00e1sio Poliesportivo Jos\u00e9 de Souza Sobrinho<br \/>\n<b>C.A. Tabuca Juniors 2 x 3\u00a0Wimpro Menores Guarulhos<\/b><br \/>\n24\/03\/18 16:00 &#8211; Gin\u00e1sio Presidente Ciro II<br \/>\n<b>S.E. Elite Itaquerense\/GRUPO WF BRASIL 2 x 2\u00a0C.E. Penha\u00a0<\/b><br \/>\n24\/03\/18 16:30 &#8211; Gin\u00e1sio Jos\u00e9 Ivano\u00e9 Freitas Juli\u00e3o<br \/>\n<b>C. Internacional de Regatas 1 x 4\u00a0C.A. Juventus<\/b><br \/>\n24\/03\/18 16:30 &#8211; Gin\u00e1sio Cyro Gilberto Savoy<br \/>\n<b>Lausanne Paulista F.C. 0 x 6\u00a0Santos F.C.<\/b><br \/>\n25\/03\/18 16:00 &#8211; Gin\u00e1sio Clube Mesc<br \/>\n<b>A.D. S\u00e3o Bernardo Futsal 1 x 1\u00a0C.A. Tabo\u00e3o da Serra\u00a0<\/b><br \/>\n&nbsp;<br \/>\n&nbsp;<\/p>\n","protected":false},"excerpt":{"rendered":"<p>24\/03\/18 11:00 &#8211; Gin\u00e1sio Carlos Aldrovandi A.D. Indaiatuba 5 x 1\u00a0S\u00e3o Caetano Futsal 24\/03\/18 13:00 &#8211; Gin\u00e1sio Parque S\u00e3o Jorge<\/p>\n","protected":false},"author":1,"featured_media":22347,"comment_status":"closed","ping_status":"open","sticky":false,"template":"","format":"standard","meta":{"footnotes":""},"categories":[12],"tags":[479,41,42,2348],"class_list":["post-22656","post","type-post","status-publish","format-standard","has-post-thumbnail","hentry","category-metropolitano-base-a1","tag-campeonato-metropolitano-a1","tag-categorias-menores","tag-fpfs","tag-sub-14"],"_links":{"self":[{"href":"https:\/\/www.federacaopaulistadefutsal.com.br\/novo\/wp-json\/wp\/v2\/posts\/22656","targetHints":{"allow":["GET"]}}],"collection":[{"href":"https:\/\/www.federacaopaulistadefutsal.com.br\/novo\/wp-json\/wp\/v2\/posts"}],"about":[{"href":"https:\/\/www.federacaopaulistadefutsal.com.br\/novo\/wp-json\/wp\/v2\/types\/post"}],"author":[{"embeddable":true,"href":"https:\/\/www.federacaopaulistadefutsal.com.br\/novo\/wp-json\/wp\/v2\/users\/1"}],"replies":[{"embeddable":true,"href":"https:\/\/www.federacaopaulistadefutsal.com.br\/novo\/wp-json\/wp\/v2\/comments?post=22656"}],"version-history":[{"count":0,"href":"https:\/\/www.federacaopaulistadefutsal.com.br\/novo\/wp-json\/wp\/v2\/posts\/22656\/revisions"}],"wp:featuredmedia":[{"embeddable":true,"href":"https:\/\/www.federacaopaulistadefutsal.com.br\/novo\/wp-json\/"}],"wp:attachment":[{"href":"https:\/\/www.federacaopaulistadefutsal.com.br\/novo\/wp-json\/wp\/v2\/media?parent=22656"}],"wp:term":[{"taxonomy":"category","embeddable":true,"href":"https:\/\/www.federacaopaulistadefutsal.com.br\/novo\/wp-json\/wp\/v2\/categories?post=22656"},{"taxonomy":"post_tag","embeddable":true,"href":"https:\/\/www.federacaopaulistadefutsal.com.br\/novo\/wp-json\/wp\/v2\/tags?post=22656"}],"curies":[{"name":"wp","href":"https:\/\/api.w.org\/{rel}","templated":true}]}}