{"id":22686,"date":"2018-03-28T22:41:19","date_gmt":"2018-03-28T22:41:19","guid":{"rendered":"http:\/\/www.federacaopaulistadefutsal.com.br\/?p=22686"},"modified":"2018-05-13T12:41:26","modified_gmt":"2018-05-13T12:41:26","slug":"no-palestra-sub-14-e-sub-16-do-palmeiras-vencem-praia-grande-pelo-metropolitano-a1","status":"publish","type":"post","link":"https:\/\/www.federacaopaulistadefutsal.com.br\/novo\/no-palestra-sub-14-e-sub-16-do-palmeiras-vencem-praia-grande-pelo-metropolitano-a1\/","title":{"rendered":"No Palestra, sub-14 e sub-16 do Palmeiras vencem Praia Grande pelo Metropolitano A1"},"content":{"rendered":"<p>Com viradas e emo\u00e7\u00f5es, as equipes sub-14 e sub-16 do Palmeiras superaram a AA Praia Grande\/Ocian PC no \u00faltimo s\u00e1bado (24), no gin\u00e1sio do Palestra It\u00e1lia, e mantiveram a invencibilidade em casa, j\u00e1 que atuaram no local na primeira rodada, diante do Mogi das Cruzes, e sa\u00edram vitoriosos.<br \/>\nO duelo mais emocionante do dia ficou por conta do sub-16, que viu o Praia abrir 3 a 0 no marcador ainda no primeiro tempo. Depois de chamar a aten\u00e7\u00e3o da garotada, o t\u00e9cnico Valdir de Freitas viu sua equipe virar o jogo em 12 minutos, com gol de Ericke Santos e um\u00a0<em>hat-trick<\/em>\u00a0de Marcos Calazans. A equipe est\u00e1 na s\u00e9tima coloca\u00e7\u00e3o geral da categoria, com seis pontos (duas vit\u00f3rias e um rev\u00e9s).<br \/>\nAp\u00f3s derrota na \u00faltima rodada, a garotada do sub-14 n\u00e3o tomou conhecimento do advers\u00e1rio praiano e venceu por 4 a 0 \u2013 gols de Matheus Avelar, Rafael, Kauan e Matheus Karam. O resultado colocou a categoria na s\u00e9tima coloca\u00e7\u00e3o geral. J\u00e1 o sub-12, mesmo com empate por 2 a 2, manteve a invencibilidade e o terceiro lugar no Metropolitano, com sete pontos.<br \/>\nAtual campe\u00e3o da competi\u00e7\u00e3o com os times sub-14, sub-16 e sub-18, o Alviverde est\u00e1 no Grupo A \u00a0e enfrenta dentro da chave Magnus\/Sorocaba, Santos FC, AABB, Mogi das Cruzes, Lausanne, S\u00e3o Jos\u00e9 e Praia Grande. Decidem vaga para as s\u00e9ries Ouro e Prata os cinco times mais eficientes de cada grupo e o melhor sexto colocado.<br \/>\n<strong>Confira os resultados do Palmeiras na 3\u00aa rodada do Metropolitano:<\/strong><br \/>\n<strong>Sub-12:\u00a0<\/strong>Palmeiras 2 x 2 AA Praia Grande\/Ocian PC &#8211; Palestra Italia<br \/>\n<strong>Gols:\u00a0<\/strong>Jo\u00e3o Paulo e Luighi<br \/>\n<strong>Sub-14:\u00a0<\/strong>Palmeiras 4 x 0 AA Praia Grande\/Ocian PC &#8211; Palestra Italia<br \/>\n<strong>Gols:<\/strong>\u00a0Matheus Avelar, Rafael, Kauan e Matheus Karam<br \/>\n<strong>Sub-16:<\/strong>\u00a0Palmeiras 4 x 3 AA Praia Grande\/Ocian PC &#8211; Palestra Italia<br \/>\n<strong>Gols:\u00a0<\/strong>Ericke Santos e Marcos Calazans (3)<br \/>\n<strong>Veja os pr\u00f3ximos confrontos do Verd\u00e3o no torneio:<\/strong><br \/>\n07\/04 &#8211; 14h: AABB x Palmeiras &#8211; Gin\u00e1sio A da AABB<br \/>\n14\/04 &#8211; 13h: ASF\/Magnus x Palmeiras &#8211; Arena Sorocaba<br \/>\n21\/04 &#8211; 14h: Palmeiras x S\u00e3o Jos\u00e9\/Atleta Cidad\u00e3o &#8211; Palestra Italia<br \/>\n28\/04 &#8211; 14h30: Lausanne Paulista FC x Palmeiras &#8211; Ginasio Ciro Savoy<br \/>\n<em>*A equipe sub-18 aguarda defini\u00e7\u00e3o da Federa\u00e7\u00e3o Paulista de Futsal (FPFS) para definir os dias e hor\u00e1rios das partidas adiadas contra Santos FC e AA Praia Grande\/Ocian PC<br \/>\n**As datas e hor\u00e1rios podem sofrer altera\u00e7\u00f5es<\/em><br \/>\n<em>Informa\u00e7\u00f5es: Depto. Comunica\u00e7\u00e3o Palmeiras<\/em><br \/>\n<em>Foto: Fabio Menotti\/Ag. Palmeiras\/Divulga\u00e7\u00e3o<\/em><\/p>\n","protected":false},"excerpt":{"rendered":"<p>Com viradas e emo\u00e7\u00f5es, as equipes sub-14 e sub-16 do Palmeiras superaram a AA Praia Grande\/Ocian PC no \u00faltimo s\u00e1bado<\/p>\n","protected":false},"author":1,"featured_media":194,"comment_status":"closed","ping_status":"open","sticky":false,"template":"","format":"standard","meta":{"footnotes":""},"categories":[12,2651],"tags":[479,41,42,2158],"class_list":["post-22686","post","type-post","status-publish","format-standard","has-post-thumbnail","hentry","category-metropolitano-base-a1","category-noticias","tag-campeonato-metropolitano-a1","tag-categorias-menores","tag-fpfs","tag-s-e-palmeiras"],"_links":{"self":[{"href":"https:\/\/www.federacaopaulistadefutsal.com.br\/novo\/wp-json\/wp\/v2\/posts\/22686","targetHints":{"allow":["GET"]}}],"collection":[{"href":"https:\/\/www.federacaopaulistadefutsal.com.br\/novo\/wp-json\/wp\/v2\/posts"}],"about":[{"href":"https:\/\/www.federacaopaulistadefutsal.com.br\/novo\/wp-json\/wp\/v2\/types\/post"}],"author":[{"embeddable":true,"href":"https:\/\/www.federacaopaulistadefutsal.com.br\/novo\/wp-json\/wp\/v2\/users\/1"}],"replies":[{"embeddable":true,"href":"https:\/\/www.federacaopaulistadefutsal.com.br\/novo\/wp-json\/wp\/v2\/comments?post=22686"}],"version-history":[{"count":1,"href":"https:\/\/www.federacaopaulistadefutsal.com.br\/novo\/wp-json\/wp\/v2\/posts\/22686\/revisions"}],"predecessor-version":[{"id":23061,"href":"https:\/\/www.federacaopaulistadefutsal.com.br\/novo\/wp-json\/wp\/v2\/posts\/22686\/revisions\/23061"}],"wp:featuredmedia":[{"embeddable":true,"href":"https:\/\/www.federacaopaulistadefutsal.com.br\/novo\/wp-json\/wp\/v2\/media\/194"}],"wp:attachment":[{"href":"https:\/\/www.federacaopaulistadefutsal.com.br\/novo\/wp-json\/wp\/v2\/media?parent=22686"}],"wp:term":[{"taxonomy":"category","embeddable":true,"href":"https:\/\/www.federacaopaulistadefutsal.com.br\/novo\/wp-json\/wp\/v2\/categories?post=22686"},{"taxonomy":"post_tag","embeddable":true,"href":"https:\/\/www.federacaopaulistadefutsal.com.br\/novo\/wp-json\/wp\/v2\/tags?post=22686"}],"curies":[{"name":"wp","href":"https:\/\/api.w.org\/{rel}","templated":true}]}}