{"id":23622,"date":"2018-06-09T20:47:46","date_gmt":"2018-06-09T20:47:46","guid":{"rendered":"http:\/\/www.federacaopaulistadefutsal.com.br\/novo\/?p=23622"},"modified":"2018-07-16T14:31:27","modified_gmt":"2018-07-16T14:31:27","slug":"tempersuldracena-vence-indaiatuba-pela-lpf","status":"publish","type":"post","link":"https:\/\/www.federacaopaulistadefutsal.com.br\/novo\/tempersuldracena-vence-indaiatuba-pela-lpf\/","title":{"rendered":"Tempersul\/Dracena vence Indaiatuba pela LPF"},"content":{"rendered":"<p>O Tempersul\/Dracena venceu a AD Indaiatuba\/Pipocas Clac\/CTI nesta sexta-feira (8), pelo placar de 4 x 1, no gin\u00e1sio Alaor Ferrari, em Dracena (Interior do Estado), onde se recuperou na LPF.<\/p>\n<p>Claudinho abriu a contagem para os visitantes, mas logo em seguida veio a rea\u00e7\u00e3o dracenense, com gols de Vitinho, Rodriguinho, Luiz Guilherme e Bic\u00e3o.<\/p>\n<p>O time comandado por Edilson Leite, que entrou em quadra com quatro pontos em seis jogos, agora contabiliza sete pontos e ocupando a 15\u00aa posi\u00e7\u00e3o,\u00a0 voltando \u00e0s quadras no pr\u00f3ximo dia 19 (ter\u00e7a-feira), quando encara o Pulo do Gato\/Sanasa, \u00e0s 19h15, no gin\u00e1sio Rog\u00ea Ferreira, em Campinas (Interior de SP). J\u00e1 a ADI recebe o Corinthians, dia 15 de junho, \u00e0s 20h, no gin\u00e1sio Aldrovandi, em Indaiatuba.<\/p>\n<p>Foto: Dracena Futsal<\/p>\n","protected":false},"excerpt":{"rendered":"<p>O Tempersul\/Dracena venceu a AD Indaiatuba\/Pipocas Clac\/CTI nesta sexta-feira (8), pelo placar de 4 x 1, no gin\u00e1sio Alaor Ferrari,<\/p>\n","protected":false},"author":2,"featured_media":23623,"comment_status":"open","ping_status":"open","sticky":false,"template":"","format":"standard","meta":{"footnotes":""},"categories":[31,2651],"tags":[110,42,1556,2429],"class_list":["post-23622","post","type-post","status-publish","format-standard","has-post-thumbnail","hentry","category-liga-paulista-de-futsal","category-noticias","tag-a-d-indaiatuba","tag-fpfs","tag-lpf","tag-tempersuldracena"],"_links":{"self":[{"href":"https:\/\/www.federacaopaulistadefutsal.com.br\/novo\/wp-json\/wp\/v2\/posts\/23622","targetHints":{"allow":["GET"]}}],"collection":[{"href":"https:\/\/www.federacaopaulistadefutsal.com.br\/novo\/wp-json\/wp\/v2\/posts"}],"about":[{"href":"https:\/\/www.federacaopaulistadefutsal.com.br\/novo\/wp-json\/wp\/v2\/types\/post"}],"author":[{"embeddable":true,"href":"https:\/\/www.federacaopaulistadefutsal.com.br\/novo\/wp-json\/wp\/v2\/users\/2"}],"replies":[{"embeddable":true,"href":"https:\/\/www.federacaopaulistadefutsal.com.br\/novo\/wp-json\/wp\/v2\/comments?post=23622"}],"version-history":[{"count":1,"href":"https:\/\/www.federacaopaulistadefutsal.com.br\/novo\/wp-json\/wp\/v2\/posts\/23622\/revisions"}],"predecessor-version":[{"id":23624,"href":"https:\/\/www.federacaopaulistadefutsal.com.br\/novo\/wp-json\/wp\/v2\/posts\/23622\/revisions\/23624"}],"wp:featuredmedia":[{"embeddable":true,"href":"https:\/\/www.federacaopaulistadefutsal.com.br\/novo\/wp-json\/wp\/v2\/media\/23623"}],"wp:attachment":[{"href":"https:\/\/www.federacaopaulistadefutsal.com.br\/novo\/wp-json\/wp\/v2\/media?parent=23622"}],"wp:term":[{"taxonomy":"category","embeddable":true,"href":"https:\/\/www.federacaopaulistadefutsal.com.br\/novo\/wp-json\/wp\/v2\/categories?post=23622"},{"taxonomy":"post_tag","embeddable":true,"href":"https:\/\/www.federacaopaulistadefutsal.com.br\/novo\/wp-json\/wp\/v2\/tags?post=23622"}],"curies":[{"name":"wp","href":"https:\/\/api.w.org\/{rel}","templated":true}]}}