{"id":23675,"date":"2018-06-15T01:46:05","date_gmt":"2018-06-15T01:46:05","guid":{"rendered":"http:\/\/www.federacaopaulistadefutsal.com.br\/novo\/?p=23675"},"modified":"2018-07-16T14:28:22","modified_gmt":"2018-07-16T14:28:22","slug":"confira-os-jogos-da-categoria-sub-8-neste-fim-de-semana-pelo-estadual-a1","status":"publish","type":"post","link":"https:\/\/www.federacaopaulistadefutsal.com.br\/novo\/confira-os-jogos-da-categoria-sub-8-neste-fim-de-semana-pelo-estadual-a1\/","title":{"rendered":"Confira os jogos da categoria sub-8 neste fim de semana pelo Estadual A1"},"content":{"rendered":"<p>16\/06\/18 09:00 &#8211; Gin\u00e1sio Falc\u00e3o<br \/>\n<b>A.A.P.G.\/Ocian P.C. x\u00a0A.D. Santo Andr\u00e9 Futsal\u00a0<\/b><\/p>\n<p>16\/06\/18 09:00 &#8211; Gin\u00e1sio Jo\u00e3o Domingues de Oliveira<br \/>\n<b>Ribeir\u00e3o Pires F.C. x\u00a0Lausanne Paulista F.C.\u00a0<\/b><\/p>\n<p>16\/06\/18 09:00 &#8211; GIN\u00c1SIO METALURGICOS JUNDIA\u00cd VARZEA E C. LIMPO PTA<br \/>\n<b>Sind. Metal\u00fargicos de Jundia\u00ed x\u00a0C.T.C. Vila Ema\u00a0<\/b><\/p>\n<p>16\/06\/18 09:00 &#8211; Gin\u00e1sio Municipal Victor Savala<br \/>\n<b>E.C. Hortol\u00e2ndia Futsal x\u00a0A. Portuguesa Desportos\u00a0<\/b><\/p>\n<p>16\/06\/18 09:00 &#8211; GIN\u00c1SIO DO JABAQUARA<br \/>\n<b>Santos F.C. x\u00a0A. Sorocabana Futsal\/Magnus\u00a0<\/b><\/p>\n<p>16\/06\/18 09:00 &#8211; Gin\u00e1sio Elite Itaquerense<br \/>\n<b>S.E. Elite Itaquerense\/GRUPO WF BRASIL x\u00a0C.A. Guarulhense\u00a0<\/b><\/p>\n<p>16\/06\/18 09:00 &#8211; GIN\u00c1SIO GR\u00caMIO ESPORTIVO MAUAENSE<br \/>\n<b>Luso Brasileiro x\u00a0Suzano F.C.<\/b><\/p>\n<p>16\/06\/18 09:00 &#8211; Gin\u00e1sio 1 da A.D.C. Mercedes Benz<br \/>\n<b>A.D.C. Mercedes Benz x\u00a0A. Uni\u00e3o Mau\u00e1\/GEM\/Central Beach\u00a0<\/b><\/p>\n<p>16\/06\/18 09:00 &#8211; GIN\u00c1SIO AYRTON SENNA DA SILVA &#8211; TABO\u00c3O DA SERRA<br \/>\n<b>C.A. Tabuca Juniors x\u00a0\u00a0Sele\u00e7\u00e3o Itapeviense de Futsal\u00a0<\/b><\/p>\n<p>16\/06\/18 14:00 &#8211; GIN\u00c1SIO DO JABAQUARA<br \/>\n<b>A.A. Portu\u00e1rios de Santos\u00a0 x\u00a0C.A. Juventus\u00a0<\/b><\/p>\n<p>17\/06\/18 09:00 &#8211; GIN\u00c1SIO DO JABAQUARA<br \/>\n<b>G.R. Gremetal x\u00a0A.D. Indaiatuba\u00a0<\/b><\/p>\n<p>17\/06\/18 09:00 &#8211; Gin\u00e1sio Cyro Gilberto Savoy<br \/>\n<b>S.E. Palmeiras x\u00a0FAE\/OSASCO\/AUDAX\u00a0<\/b><\/p>\n<p>17\/06\/18 09:00 &#8211; GIN\u00c1SIO PROF\u00ba JOS\u00c9 LIMONGI SOBRINHO (CEMPRE)<br \/>\n<span class=\"textoMedioCinza\"><b>Inter Mogi x\u00a0\u00a0S\u00e3o Paulo F.C. &#8211; B<\/b><\/span><\/p>\n<p>17\/06\/18 09:00 &#8211; Gin\u00e1sio Parque S\u00e3o Jorge<br \/>\n<b>S.C. Corinthians Paulista x\u00a0S\u00e3o Caetano F.C.\u00a0<\/b><\/p>\n<p>17\/06\/18 09:00 &#8211; Gin\u00e1sio Vila Santista<br \/>\n<b>A.D. Mogi das Cruzes\/Vila Santista x\u00a0S\u00e3o Caetano Futsal\u00a0<\/b><\/p>\n<p>&nbsp;<\/p>\n","protected":false},"excerpt":{"rendered":"<p>16\/06\/18 09:00 &#8211; Gin\u00e1sio Falc\u00e3o A.A.P.G.\/Ocian P.C. x\u00a0A.D. Santo Andr\u00e9 Futsal\u00a0 16\/06\/18 09:00 &#8211; Gin\u00e1sio Jo\u00e3o Domingues de Oliveira Ribeir\u00e3o<\/p>\n","protected":false},"author":2,"featured_media":23251,"comment_status":"open","ping_status":"open","sticky":false,"template":"","format":"standard","meta":{"footnotes":""},"categories":[8,2651],"tags":[41,976,42,2343],"class_list":["post-23675","post","type-post","status-publish","format-standard","has-post-thumbnail","hentry","category-estadual-base-a1","category-noticias","tag-categorias-menores","tag-estadual-a1","tag-fpfs","tag-sub-8"],"_links":{"self":[{"href":"https:\/\/www.federacaopaulistadefutsal.com.br\/novo\/wp-json\/wp\/v2\/posts\/23675","targetHints":{"allow":["GET"]}}],"collection":[{"href":"https:\/\/www.federacaopaulistadefutsal.com.br\/novo\/wp-json\/wp\/v2\/posts"}],"about":[{"href":"https:\/\/www.federacaopaulistadefutsal.com.br\/novo\/wp-json\/wp\/v2\/types\/post"}],"author":[{"embeddable":true,"href":"https:\/\/www.federacaopaulistadefutsal.com.br\/novo\/wp-json\/wp\/v2\/users\/2"}],"replies":[{"embeddable":true,"href":"https:\/\/www.federacaopaulistadefutsal.com.br\/novo\/wp-json\/wp\/v2\/comments?post=23675"}],"version-history":[{"count":1,"href":"https:\/\/www.federacaopaulistadefutsal.com.br\/novo\/wp-json\/wp\/v2\/posts\/23675\/revisions"}],"predecessor-version":[{"id":23676,"href":"https:\/\/www.federacaopaulistadefutsal.com.br\/novo\/wp-json\/wp\/v2\/posts\/23675\/revisions\/23676"}],"wp:featuredmedia":[{"embeddable":true,"href":"https:\/\/www.federacaopaulistadefutsal.com.br\/novo\/wp-json\/wp\/v2\/media\/23251"}],"wp:attachment":[{"href":"https:\/\/www.federacaopaulistadefutsal.com.br\/novo\/wp-json\/wp\/v2\/media?parent=23675"}],"wp:term":[{"taxonomy":"category","embeddable":true,"href":"https:\/\/www.federacaopaulistadefutsal.com.br\/novo\/wp-json\/wp\/v2\/categories?post=23675"},{"taxonomy":"post_tag","embeddable":true,"href":"https:\/\/www.federacaopaulistadefutsal.com.br\/novo\/wp-json\/wp\/v2\/tags?post=23675"}],"curies":[{"name":"wp","href":"https:\/\/api.w.org\/{rel}","templated":true}]}}