{"id":23721,"date":"2018-06-20T01:16:08","date_gmt":"2018-06-20T01:16:08","guid":{"rendered":"http:\/\/www.federacaopaulistadefutsal.com.br\/novo\/?p=23721"},"modified":"2018-07-16T14:23:57","modified_gmt":"2018-07-16T14:23:57","slug":"mogi-das-cruzes-busca-melhor-desempenho-dentro-de-seus-dominios-contra-o-sao-jose","status":"publish","type":"post","link":"https:\/\/www.federacaopaulistadefutsal.com.br\/novo\/mogi-das-cruzes-busca-melhor-desempenho-dentro-de-seus-dominios-contra-o-sao-jose\/","title":{"rendered":"Mogi das Cruzes busca melhor desempenho dentro de seus dom\u00ednios contra o S\u00e3o Jos\u00e9"},"content":{"rendered":"<p>Depois de vencer o Santo Andr\u00e9 fora de casa, o Mogi Futsal vai em busca de consolidar sua recupera\u00e7\u00e3o na Liga Paulista nesta quinta-feira (21), quando recene o S\u00e3o Jos\u00e9\/Mangua\u00e7a, \u00e0s 19h45, em Mogi das Cruzes (Grande SP). E, para tentar mais um triunfo, um dos objetivos do Mogi \u00e9 melhorar seu rendimento jogando dentro de seus dom\u00ednios.<\/p>\n<p>At\u00e9 o momento, a equipe mogiana disputou quatro jogos no gin\u00e1sio do Botujuru, onde venceu o Araraquara por 3 a 2, logo na estreia, e perdeu para Tempersul\/Dracena, Corinthians e Barueri. Fora de casa, o time tem um aproveitamento melhor: ganhou de Itapeva e Santo Andr\u00e9, mas superado pela Intelli\/Para\u00edso e AABB\/Mapfre (6 x 1).<\/p>\n<p>O jogo da pr\u00f3xima quinta-feira tem grande valor, j\u00e1 que as duas equipes est\u00e3o pr\u00f3ximas na tabela. O Mogi \u00e9 o d\u00e9cimo colocado, com nove pontos, enquanto o S\u00e3o Jos\u00e9\/Mangua\u00e7a est\u00e1 no 12\u00ba lugar, com seis pontos, mas tr\u00eas jogos a menos em rela\u00e7\u00e3o aos mogianos.<\/p>\n<p>\u201c\u00c9 um jogo dif\u00edcil. S\u00e3o Jos\u00e9 tem uma boa equipe tecnicamente, \u00e9 bem experiente. Vai ser um jogo de seis pontos. N\u00e3o era para ser, porque S\u00e3o Jos\u00e9 n\u00e3o seria um advers\u00e1rio direto. Era um time para estar disputando as primeiras coloca\u00e7\u00f5es. Mas, se ganharmos deles, eles passam a ficar na parte de baixo da tabela\u201d, analisou o treinador da equipe, Willer Fernandes.<\/p>\n","protected":false},"excerpt":{"rendered":"<p>Depois de vencer o Santo Andr\u00e9 fora de casa, o Mogi Futsal vai em busca de consolidar sua recupera\u00e7\u00e3o na<\/p>\n","protected":false},"author":2,"featured_media":23722,"comment_status":"open","ping_status":"open","sticky":false,"template":"","format":"standard","meta":{"footnotes":""},"categories":[31,2651],"tags":[42,1556,1678],"class_list":["post-23721","post","type-post","status-publish","format-standard","has-post-thumbnail","hentry","category-liga-paulista-de-futsal","category-noticias","tag-fpfs","tag-lpf","tag-mogi-das-cruzes"],"_links":{"self":[{"href":"https:\/\/www.federacaopaulistadefutsal.com.br\/novo\/wp-json\/wp\/v2\/posts\/23721","targetHints":{"allow":["GET"]}}],"collection":[{"href":"https:\/\/www.federacaopaulistadefutsal.com.br\/novo\/wp-json\/wp\/v2\/posts"}],"about":[{"href":"https:\/\/www.federacaopaulistadefutsal.com.br\/novo\/wp-json\/wp\/v2\/types\/post"}],"author":[{"embeddable":true,"href":"https:\/\/www.federacaopaulistadefutsal.com.br\/novo\/wp-json\/wp\/v2\/users\/2"}],"replies":[{"embeddable":true,"href":"https:\/\/www.federacaopaulistadefutsal.com.br\/novo\/wp-json\/wp\/v2\/comments?post=23721"}],"version-history":[{"count":1,"href":"https:\/\/www.federacaopaulistadefutsal.com.br\/novo\/wp-json\/wp\/v2\/posts\/23721\/revisions"}],"predecessor-version":[{"id":23723,"href":"https:\/\/www.federacaopaulistadefutsal.com.br\/novo\/wp-json\/wp\/v2\/posts\/23721\/revisions\/23723"}],"wp:featuredmedia":[{"embeddable":true,"href":"https:\/\/www.federacaopaulistadefutsal.com.br\/novo\/wp-json\/wp\/v2\/media\/23722"}],"wp:attachment":[{"href":"https:\/\/www.federacaopaulistadefutsal.com.br\/novo\/wp-json\/wp\/v2\/media?parent=23721"}],"wp:term":[{"taxonomy":"category","embeddable":true,"href":"https:\/\/www.federacaopaulistadefutsal.com.br\/novo\/wp-json\/wp\/v2\/categories?post=23721"},{"taxonomy":"post_tag","embeddable":true,"href":"https:\/\/www.federacaopaulistadefutsal.com.br\/novo\/wp-json\/wp\/v2\/tags?post=23721"}],"curies":[{"name":"wp","href":"https:\/\/api.w.org\/{rel}","templated":true}]}}