{"id":23755,"date":"2018-06-22T23:58:41","date_gmt":"2018-06-22T23:58:41","guid":{"rendered":"http:\/\/www.federacaopaulistadefutsal.com.br\/novo\/?p=23755"},"modified":"2018-07-16T14:21:48","modified_gmt":"2018-07-16T14:21:48","slug":"dracena-vence-o-hortolandia-e-conquista-a-3a-vitoria-na-lpf","status":"publish","type":"post","link":"https:\/\/www.federacaopaulistadefutsal.com.br\/novo\/dracena-vence-o-hortolandia-e-conquista-a-3a-vitoria-na-lpf\/","title":{"rendered":"Dracena vence o Hortol\u00e2ndia e conquista a 3\u00aa vit\u00f3ria na LPF"},"content":{"rendered":"<p>O Tempersul\/Dracena venceu o Hortol\u00e2ndia pelo placar de 5 x 2 e conquistou a terceira vit\u00f3ria na LPF. A partida foi realizada na noite de quinta-feira (21), no Gin\u00e1sio de Esportes Victor Savala, em Hortol\u00e2ndia. Os tr\u00eas pontos conquistados ajudam a equipe do Oeste Paulista a se manter no grupo dos 12 primeiros colocados, que avan\u00e7am a segunda fase da competi\u00e7\u00e3o, faltando sete jogos para o t\u00e9rmino da primeira etapa classificat\u00f3ria.<\/p>\n<p>Erick, Tatinho e Luiz Guilherme abriram vantagem para o Dracena no primeiro tempo. Antes do intervalo, Fernandinho descontou. Na volta do intervalo, Vitinho fez o quarto e o quinto dos dracenenses. Erminho descontou novamente e deu n\u00famero finais ao placar.<\/p>\n<p>O Tempersul\/Dracena soma 10 pontos, em nove jogos, O Dracena soma 10 pontos, em nove jogos, ap\u00f3s tr\u00eas vit\u00f3rias, um empate e cinco derrotas. O Hortol\u00e2ndia segue na 17\u00aa e \u00faltima posi\u00e7\u00e3o, com apenas um ponto em oito jogos.<\/p>\n<p>O pr\u00f3ximo jogo dracenense ocorre neste dia 29 (sexta-feira), contra a AA FIB\/Bauru, no Gin\u00e1sio Alaor Ferrari, em Dracena, \u00e0s 20h15. O Hortol\u00e2ndia joga na mesma data e hor\u00e1rio, contra a AABB\/MAPFRE, no Gin\u00e1sio Victor Savala.<\/p>\n<p>Foto: Frank Trevizan<\/p>\n","protected":false},"excerpt":{"rendered":"<p>O Tempersul\/Dracena venceu o Hortol\u00e2ndia pelo placar de 5 x 2 e conquistou a terceira vit\u00f3ria na LPF. A partida<\/p>\n","protected":false},"author":2,"featured_media":23756,"comment_status":"open","ping_status":"open","sticky":false,"template":"","format":"standard","meta":{"footnotes":""},"categories":[31,2651],"tags":[42,1556,2402],"class_list":["post-23755","post","type-post","status-publish","format-standard","has-post-thumbnail","hentry","category-liga-paulista-de-futsal","category-noticias","tag-fpfs","tag-lpf","tag-tampersuldracena"],"_links":{"self":[{"href":"https:\/\/www.federacaopaulistadefutsal.com.br\/novo\/wp-json\/wp\/v2\/posts\/23755","targetHints":{"allow":["GET"]}}],"collection":[{"href":"https:\/\/www.federacaopaulistadefutsal.com.br\/novo\/wp-json\/wp\/v2\/posts"}],"about":[{"href":"https:\/\/www.federacaopaulistadefutsal.com.br\/novo\/wp-json\/wp\/v2\/types\/post"}],"author":[{"embeddable":true,"href":"https:\/\/www.federacaopaulistadefutsal.com.br\/novo\/wp-json\/wp\/v2\/users\/2"}],"replies":[{"embeddable":true,"href":"https:\/\/www.federacaopaulistadefutsal.com.br\/novo\/wp-json\/wp\/v2\/comments?post=23755"}],"version-history":[{"count":2,"href":"https:\/\/www.federacaopaulistadefutsal.com.br\/novo\/wp-json\/wp\/v2\/posts\/23755\/revisions"}],"predecessor-version":[{"id":24078,"href":"https:\/\/www.federacaopaulistadefutsal.com.br\/novo\/wp-json\/wp\/v2\/posts\/23755\/revisions\/24078"}],"wp:featuredmedia":[{"embeddable":true,"href":"https:\/\/www.federacaopaulistadefutsal.com.br\/novo\/wp-json\/wp\/v2\/media\/23756"}],"wp:attachment":[{"href":"https:\/\/www.federacaopaulistadefutsal.com.br\/novo\/wp-json\/wp\/v2\/media?parent=23755"}],"wp:term":[{"taxonomy":"category","embeddable":true,"href":"https:\/\/www.federacaopaulistadefutsal.com.br\/novo\/wp-json\/wp\/v2\/categories?post=23755"},{"taxonomy":"post_tag","embeddable":true,"href":"https:\/\/www.federacaopaulistadefutsal.com.br\/novo\/wp-json\/wp\/v2\/tags?post=23755"}],"curies":[{"name":"wp","href":"https:\/\/api.w.org\/{rel}","templated":true}]}}