{"id":23796,"date":"2018-06-27T02:07:42","date_gmt":"2018-06-27T02:07:42","guid":{"rendered":"http:\/\/www.federacaopaulistadefutsal.com.br\/novo\/?p=23796"},"modified":"2018-07-16T14:18:14","modified_gmt":"2018-07-16T14:18:14","slug":"aabb-e-sao-jose-estao-na-final-do-metropolitano-a1-serie-prata-na-categoria-sub-18","status":"publish","type":"post","link":"https:\/\/www.federacaopaulistadefutsal.com.br\/novo\/aabb-e-sao-jose-estao-na-final-do-metropolitano-a1-serie-prata-na-categoria-sub-18\/","title":{"rendered":"AABB e S\u00e3o Jos\u00e9 est\u00e3o na final do Metropolitano A1 S\u00e9rie Prata na categoria sub-18"},"content":{"rendered":"<p>21\/06\/18 19:00 &#8211; Gin\u00e1sio Presidente Ciro I<br \/>\n<b>A.A. Banco do Brasil 1 x 1\u00a0A.D. S\u00e3o Bernardo Futsal\u00a0<\/b><\/p>\n<p>24\/06\/18 14:00 &#8211; Gin\u00e1sio Presidente Ciro I<br \/>\n<b>S\u00e3o Jos\u00e9 Futsal 6 x 2\u00a0A.D. Indaiatuba<\/b><\/p>\n<p><em>Final<\/em><\/p>\n<p>29\/06\/18 19:45 &#8211; LOCAL A DEFINIR<br \/>\n<b>S\u00e3o Jos\u00e9 Futsal x\u00a0A.A. Banco do Brasil<\/b><\/p>\n","protected":false},"excerpt":{"rendered":"<p>21\/06\/18 19:00 &#8211; Gin\u00e1sio Presidente Ciro I A.A. Banco do Brasil 1 x 1\u00a0A.D. S\u00e3o Bernardo Futsal\u00a0 24\/06\/18 14:00 &#8211;<\/p>\n","protected":false},"author":2,"featured_media":23324,"comment_status":"open","ping_status":"open","sticky":false,"template":"","format":"standard","meta":{"footnotes":""},"categories":[12,2651],"tags":[479,42,2285],"class_list":["post-23796","post","type-post","status-publish","format-standard","has-post-thumbnail","hentry","category-metropolitano-base-a1","category-noticias","tag-campeonato-metropolitano-a1","tag-fpfs","tag-serie-prata"],"_links":{"self":[{"href":"https:\/\/www.federacaopaulistadefutsal.com.br\/novo\/wp-json\/wp\/v2\/posts\/23796","targetHints":{"allow":["GET"]}}],"collection":[{"href":"https:\/\/www.federacaopaulistadefutsal.com.br\/novo\/wp-json\/wp\/v2\/posts"}],"about":[{"href":"https:\/\/www.federacaopaulistadefutsal.com.br\/novo\/wp-json\/wp\/v2\/types\/post"}],"author":[{"embeddable":true,"href":"https:\/\/www.federacaopaulistadefutsal.com.br\/novo\/wp-json\/wp\/v2\/users\/2"}],"replies":[{"embeddable":true,"href":"https:\/\/www.federacaopaulistadefutsal.com.br\/novo\/wp-json\/wp\/v2\/comments?post=23796"}],"version-history":[{"count":1,"href":"https:\/\/www.federacaopaulistadefutsal.com.br\/novo\/wp-json\/wp\/v2\/posts\/23796\/revisions"}],"predecessor-version":[{"id":23797,"href":"https:\/\/www.federacaopaulistadefutsal.com.br\/novo\/wp-json\/wp\/v2\/posts\/23796\/revisions\/23797"}],"wp:featuredmedia":[{"embeddable":true,"href":"https:\/\/www.federacaopaulistadefutsal.com.br\/novo\/wp-json\/wp\/v2\/media\/23324"}],"wp:attachment":[{"href":"https:\/\/www.federacaopaulistadefutsal.com.br\/novo\/wp-json\/wp\/v2\/media?parent=23796"}],"wp:term":[{"taxonomy":"category","embeddable":true,"href":"https:\/\/www.federacaopaulistadefutsal.com.br\/novo\/wp-json\/wp\/v2\/categories?post=23796"},{"taxonomy":"post_tag","embeddable":true,"href":"https:\/\/www.federacaopaulistadefutsal.com.br\/novo\/wp-json\/wp\/v2\/tags?post=23796"}],"curies":[{"name":"wp","href":"https:\/\/api.w.org\/{rel}","templated":true}]}}