{"id":23825,"date":"2018-06-29T02:19:31","date_gmt":"2018-06-29T02:19:31","guid":{"rendered":"http:\/\/www.federacaopaulistadefutsal.com.br\/novo\/?p=23825"},"modified":"2018-07-16T14:11:00","modified_gmt":"2018-07-16T14:11:00","slug":"com-ginasio-lotado-corinthians-sub-18-vira-para-cima-do-palmeiras-e-e-campeao-do-metropolitano-a1-serie-ouro","status":"publish","type":"post","link":"https:\/\/www.federacaopaulistadefutsal.com.br\/novo\/com-ginasio-lotado-corinthians-sub-18-vira-para-cima-do-palmeiras-e-e-campeao-do-metropolitano-a1-serie-ouro\/","title":{"rendered":"Com gin\u00e1sio lotado, Corinthians sub-18 vira para cima do Palmeiras e \u00e9 campe\u00e3o do Metropolitano A1 S\u00e9rie Ouro"},"content":{"rendered":"<p>O p\u00fablico compareceu em peso para acompanhar a grande final do Metropolitano A1 S\u00e9rie Ouro na categoria sub-18, entre Corinthians e Palmeiras. Mais de 2 mil torcedores, entre corinthianos e palmeirenses acompanharam uma partida digna de uma final e um cl\u00e1ssico paulista.<\/p>\n<p><a href=\"http:\/\/www.federacaopaulistadefutsal.com.br\/wp-content\/uploads\/2018\/06\/36376240_1577389862370358_7817055690941267968_n.jpg\"><img fetchpriority=\"high\" decoding=\"async\" class=\" wp-image-24398 aligncenter\" src=\"http:\/\/www.federacaopaulistadefutsal.com.br\/wp-content\/uploads\/2018\/06\/36376240_1577389862370358_7817055690941267968_n-1024x682.jpg\" alt=\"\" width=\"458\" height=\"305\" \/><\/a><\/p>\n<p>Vale lembrar que no jogo de ida, o Corinthians havia vencido por 3 a 0, bastando apenas um simples empate para levar o trof\u00e9u de campe\u00e3o.<\/p>\n<p>Para o \u00f3timo p\u00fablico presente, o que se viu foi um Palmeiras extremamente ofensivo, tanto que aos cinco, oito e nove minutos o placar j\u00e1 mostrava 3 a 0 para o time alviverde. Matheus Calixto, Matheus Moura e Ronaldo anotaram os gols da moment\u00e2nea vantagem.<\/p>\n<p>Buscando for\u00e7as para se reerguer no jogo, os meninos do Corinthians foram se encontrando em quadra e, aos 12, Gabriel descontou, diminuindo para 3 a 1.<\/p>\n<p>Precisando do resultado, o Palmeiras ampliou logo no in\u00edcio da segunda etapa, aos 26, com Jo\u00e3o Victor marcando o quarto. Para del\u00edrio da torcida do Corinthians, a rea\u00e7\u00e3o dos garotos do Parque S\u00e3o Jorge come\u00e7ou tr\u00eas minutos depois, com Guilherme anotando o segundo. O terceiro e quarto vieram com Wesley e novamente com Guilherme.<\/p>\n<p>Coube ao camisa nove anotar o terceiro dele e virar a partida, aos 33 minutos, e sacramentar em grande estilo o t\u00edtulo do Metropolitano A1 S\u00e9rie Ouro para o Corinthians.<\/p>\n<p><em>*A FPFS agradece o apoio dos funcion\u00e1rios de Palmeiras e Corinthians pela colabora\u00e7\u00e3o na organiza\u00e7\u00e3o do jogo, e a Pol\u00edcia Militar, contribuindo para a seguran\u00e7a de todos os presente no gin\u00e1sio Presidente Ciro II e em seu entorno.<\/em><\/p>\n<p>&nbsp;<\/p>\n<p>&nbsp;<\/p>\n","protected":false},"excerpt":{"rendered":"<p>O p\u00fablico compareceu em peso para acompanhar a grande final do Metropolitano A1 S\u00e9rie Ouro na categoria sub-18, entre Corinthians<\/p>\n","protected":false},"author":2,"featured_media":23826,"comment_status":"open","ping_status":"open","sticky":false,"template":"","format":"standard","meta":{"footnotes":""},"categories":[25,12,2651],"tags":[479,42,2282,2341],"class_list":["post-23825","post","type-post","status-publish","format-standard","has-post-thumbnail","hentry","category-destaques","category-metropolitano-base-a1","category-noticias","tag-campeonato-metropolitano-a1","tag-fpfs","tag-serie-ouro","tag-sub-18"],"_links":{"self":[{"href":"https:\/\/www.federacaopaulistadefutsal.com.br\/novo\/wp-json\/wp\/v2\/posts\/23825","targetHints":{"allow":["GET"]}}],"collection":[{"href":"https:\/\/www.federacaopaulistadefutsal.com.br\/novo\/wp-json\/wp\/v2\/posts"}],"about":[{"href":"https:\/\/www.federacaopaulistadefutsal.com.br\/novo\/wp-json\/wp\/v2\/types\/post"}],"author":[{"embeddable":true,"href":"https:\/\/www.federacaopaulistadefutsal.com.br\/novo\/wp-json\/wp\/v2\/users\/2"}],"replies":[{"embeddable":true,"href":"https:\/\/www.federacaopaulistadefutsal.com.br\/novo\/wp-json\/wp\/v2\/comments?post=23825"}],"version-history":[{"count":1,"href":"https:\/\/www.federacaopaulistadefutsal.com.br\/novo\/wp-json\/wp\/v2\/posts\/23825\/revisions"}],"predecessor-version":[{"id":23827,"href":"https:\/\/www.federacaopaulistadefutsal.com.br\/novo\/wp-json\/wp\/v2\/posts\/23825\/revisions\/23827"}],"wp:featuredmedia":[{"embeddable":true,"href":"https:\/\/www.federacaopaulistadefutsal.com.br\/novo\/wp-json\/wp\/v2\/media\/23826"}],"wp:attachment":[{"href":"https:\/\/www.federacaopaulistadefutsal.com.br\/novo\/wp-json\/wp\/v2\/media?parent=23825"}],"wp:term":[{"taxonomy":"category","embeddable":true,"href":"https:\/\/www.federacaopaulistadefutsal.com.br\/novo\/wp-json\/wp\/v2\/categories?post=23825"},{"taxonomy":"post_tag","embeddable":true,"href":"https:\/\/www.federacaopaulistadefutsal.com.br\/novo\/wp-json\/wp\/v2\/tags?post=23825"}],"curies":[{"name":"wp","href":"https:\/\/api.w.org\/{rel}","templated":true}]}}