{"id":23870,"date":"2018-07-02T18:41:28","date_gmt":"2018-07-02T18:41:28","guid":{"rendered":"http:\/\/www.federacaopaulistadefutsal.com.br\/novo\/?p=23870"},"modified":"2018-07-16T14:05:02","modified_gmt":"2018-07-16T14:05:02","slug":"c-t-c-vila-ema-abre-testes-na-categoria-sub-12","status":"publish","type":"post","link":"https:\/\/www.federacaopaulistadefutsal.com.br\/novo\/c-t-c-vila-ema-abre-testes-na-categoria-sub-12\/","title":{"rendered":"C.T.C. Vila Ema abre testes na categoria sub-12"},"content":{"rendered":"<p>Visando refor\u00e7ar seu elenco de base para futuras competi\u00e7\u00f5es, o C.T.C. Vila Ema est\u00e1 com testes para jogadoras nascidos nos anos de 2006 e 2007 (categoria sub-12).<\/p>\n<p>Os treinos acontecem de ter\u00e7as e quintas-feiras, \u00e0s 19h.<\/p>\n<p>Endere\u00e7o: Rua Pinto da Luz, 705 &#8211; Vila Ema.<\/p>\n<p><strong>Mais informa\u00e7\u00f5es:\u00a0<\/strong><br \/>\n<strong>11 94776-3808 prof\u00ba.\u00a0 Lelo<\/strong><\/p>\n","protected":false},"excerpt":{"rendered":"<p>Visando refor\u00e7ar seu elenco de base para futuras competi\u00e7\u00f5es, o C.T.C. Vila Ema est\u00e1 com testes para jogadoras nascidos nos<\/p>\n","protected":false},"author":2,"featured_media":23478,"comment_status":"open","ping_status":"open","sticky":false,"template":"","format":"standard","meta":{"footnotes":""},"categories":[12,2651],"tags":[2665,42,1745],"class_list":["post-23870","post","type-post","status-publish","format-standard","has-post-thumbnail","hentry","category-metropolitano-base-a1","category-noticias","tag-c-t-c-vila-ema","tag-fpfs","tag-novas-peneiras"],"_links":{"self":[{"href":"https:\/\/www.federacaopaulistadefutsal.com.br\/novo\/wp-json\/wp\/v2\/posts\/23870","targetHints":{"allow":["GET"]}}],"collection":[{"href":"https:\/\/www.federacaopaulistadefutsal.com.br\/novo\/wp-json\/wp\/v2\/posts"}],"about":[{"href":"https:\/\/www.federacaopaulistadefutsal.com.br\/novo\/wp-json\/wp\/v2\/types\/post"}],"author":[{"embeddable":true,"href":"https:\/\/www.federacaopaulistadefutsal.com.br\/novo\/wp-json\/wp\/v2\/users\/2"}],"replies":[{"embeddable":true,"href":"https:\/\/www.federacaopaulistadefutsal.com.br\/novo\/wp-json\/wp\/v2\/comments?post=23870"}],"version-history":[{"count":1,"href":"https:\/\/www.federacaopaulistadefutsal.com.br\/novo\/wp-json\/wp\/v2\/posts\/23870\/revisions"}],"predecessor-version":[{"id":23871,"href":"https:\/\/www.federacaopaulistadefutsal.com.br\/novo\/wp-json\/wp\/v2\/posts\/23870\/revisions\/23871"}],"wp:featuredmedia":[{"embeddable":true,"href":"https:\/\/www.federacaopaulistadefutsal.com.br\/novo\/wp-json\/wp\/v2\/media\/23478"}],"wp:attachment":[{"href":"https:\/\/www.federacaopaulistadefutsal.com.br\/novo\/wp-json\/wp\/v2\/media?parent=23870"}],"wp:term":[{"taxonomy":"category","embeddable":true,"href":"https:\/\/www.federacaopaulistadefutsal.com.br\/novo\/wp-json\/wp\/v2\/categories?post=23870"},{"taxonomy":"post_tag","embeddable":true,"href":"https:\/\/www.federacaopaulistadefutsal.com.br\/novo\/wp-json\/wp\/v2\/tags?post=23870"}],"curies":[{"name":"wp","href":"https:\/\/api.w.org\/{rel}","templated":true}]}}