{"id":23887,"date":"2018-07-04T02:32:17","date_gmt":"2018-07-04T02:32:17","guid":{"rendered":"http:\/\/www.federacaopaulistadefutsal.com.br\/novo\/?p=23887"},"modified":"2018-07-16T14:02:50","modified_gmt":"2018-07-16T14:02:50","slug":"cris-souza-analisa-jogo-cats-contra-o-sao-jose-pela-copa-do-brasil-como-um-dos-maiores-de-sua-carreira","status":"publish","type":"post","link":"https:\/\/www.federacaopaulistadefutsal.com.br\/novo\/cris-souza-analisa-jogo-cats-contra-o-sao-jose-pela-copa-do-brasil-como-um-dos-maiores-de-sua-carreira\/","title":{"rendered":"Cris Souza analisa jogo Cats contra o S\u00e3o Jos\u00e9, pela Copa do Brasil, como um dos maiores de sua carreira"},"content":{"rendered":"<p>Ap\u00f3s a dif\u00edcil classifica\u00e7\u00e3o para as semifinais da Copa do Brasil de Futsal feminino, a equipe taboanense come\u00e7a a pensar em sonhos mais altos. Trazer a final para Tabo\u00e3o da Serra \u00e9 um sonho da t\u00e9cnica Cris Souza, que pode ser realizado em breve.<\/p>\n<p>\u201cA gente est\u00e1 avan\u00e7ando na competi\u00e7\u00e3o, podemos chegar a final e jogar em Tabo\u00e3o da Serra \u00e9 um sonho para todas n\u00f3s\u201d, disse Cris Souza. \u201cSeria a realiza\u00e7\u00e3o de um desejo, estamos todas empenhadas nesse sonho\u201d, lembrou.<\/p>\n<p>Essa \u00e9 a segunda edi\u00e7\u00e3o da Copa do Brasil, primeiro ano que Tabo\u00e3o da Serra entrou na disputa. A pr\u00f3xima partida s\u00f3 deve acontecer ap\u00f3s o final da Copa do Mundo, que acontece na R\u00fassia. Mesmo assim, a ansiedade das meninas j\u00e1 \u00e9 grande.<\/p>\n<p>Sobre a partida contra o S\u00e3o Jos\u00e9, que classificou a equipe, Cris elogiou o trabalho das atletas. \u201cPara mim como treinadora, foi um dos maiores jogos da minha carreira. A prepara\u00e7\u00e3o para o jogo exigiu muita estrat\u00e9gia, tanto da minha parte, como jogadas, trocas pontuais, at\u00e9 toda estrat\u00e9gia de defesa. Estou bem realizada com o que desenvolvimento na partida, n\u00edvel de futsal jogado, reflete toda nossa prepara\u00e7\u00e3o.&#8221;<\/p>\n","protected":false},"excerpt":{"rendered":"<p>Ap\u00f3s a dif\u00edcil classifica\u00e7\u00e3o para as semifinais da Copa do Brasil de Futsal feminino, a equipe taboanense come\u00e7a a pensar<\/p>\n","protected":false},"author":2,"featured_media":23888,"comment_status":"open","ping_status":"open","sticky":false,"template":"","format":"standard","meta":{"footnotes":""},"categories":[25,26,2651],"tags":[439,42,1138],"class_list":["post-23887","post","type-post","status-publish","format-standard","has-post-thumbnail","hentry","category-destaques","category-feminino","category-noticias","tag-c-a-taboao-da-serra","tag-fpfs","tag-futsal-feminino"],"_links":{"self":[{"href":"https:\/\/www.federacaopaulistadefutsal.com.br\/novo\/wp-json\/wp\/v2\/posts\/23887","targetHints":{"allow":["GET"]}}],"collection":[{"href":"https:\/\/www.federacaopaulistadefutsal.com.br\/novo\/wp-json\/wp\/v2\/posts"}],"about":[{"href":"https:\/\/www.federacaopaulistadefutsal.com.br\/novo\/wp-json\/wp\/v2\/types\/post"}],"author":[{"embeddable":true,"href":"https:\/\/www.federacaopaulistadefutsal.com.br\/novo\/wp-json\/wp\/v2\/users\/2"}],"replies":[{"embeddable":true,"href":"https:\/\/www.federacaopaulistadefutsal.com.br\/novo\/wp-json\/wp\/v2\/comments?post=23887"}],"version-history":[{"count":1,"href":"https:\/\/www.federacaopaulistadefutsal.com.br\/novo\/wp-json\/wp\/v2\/posts\/23887\/revisions"}],"predecessor-version":[{"id":23889,"href":"https:\/\/www.federacaopaulistadefutsal.com.br\/novo\/wp-json\/wp\/v2\/posts\/23887\/revisions\/23889"}],"wp:featuredmedia":[{"embeddable":true,"href":"https:\/\/www.federacaopaulistadefutsal.com.br\/novo\/wp-json\/wp\/v2\/media\/23888"}],"wp:attachment":[{"href":"https:\/\/www.federacaopaulistadefutsal.com.br\/novo\/wp-json\/wp\/v2\/media?parent=23887"}],"wp:term":[{"taxonomy":"category","embeddable":true,"href":"https:\/\/www.federacaopaulistadefutsal.com.br\/novo\/wp-json\/wp\/v2\/categories?post=23887"},{"taxonomy":"post_tag","embeddable":true,"href":"https:\/\/www.federacaopaulistadefutsal.com.br\/novo\/wp-json\/wp\/v2\/tags?post=23887"}],"curies":[{"name":"wp","href":"https:\/\/api.w.org\/{rel}","templated":true}]}}