{"id":23966,"date":"2018-07-12T02:10:15","date_gmt":"2018-07-12T02:10:15","guid":{"rendered":"http:\/\/www.federacaopaulistadefutsal.com.br\/novo\/?p=23966"},"modified":"2018-07-16T13:54:12","modified_gmt":"2018-07-16T13:54:12","slug":"seletivas-do-tabuca-juniors-na-categoria-sub-8-acontecem-nesse-sabado","status":"publish","type":"post","link":"https:\/\/www.federacaopaulistadefutsal.com.br\/novo\/seletivas-do-tabuca-juniors-na-categoria-sub-8-acontecem-nesse-sabado\/","title":{"rendered":"Seletivas do Tabuca Juniors na categoria sub-8 acontecem nesse s\u00e1bado"},"content":{"rendered":"<p>Buscando refor\u00e7ar o seu plantel de jogadores ao longo do ano para competi\u00e7\u00f5es organizadas pela FPFS, o Tabuca Juniors abre processo seletivo na categoria sub-8, com testes previstos para o dia 14 de julho (s\u00e1bado), a partir das 9h.<\/p>\n<p>Os interessados, nascidos em 2011, ter\u00e3o que levar obrigatoriamente o documento de identidade e chegar com 30 minutos de anteced\u00eancia, al\u00e9m dos materiais esportivos necess\u00e1rios para a pr\u00e1tica: chuteira, mei\u00e3o e cal\u00e7\u00e3o.<\/p>\n<p>O local de teste ser\u00e1 no gin\u00e1sio de Esporte Ayrton Senna. Confira o endere\u00e7o abaixo:<\/p>\n<p>Rua Jos\u00e9 Francisco dos Santos, 120 &#8211; Jd. Helena -Tabo\u00e3o da Serra.<\/p>\n","protected":false},"excerpt":{"rendered":"<p>Buscando refor\u00e7ar o seu plantel de jogadores ao longo do ano para competi\u00e7\u00f5es organizadas pela FPFS, o Tabuca Juniors abre<\/p>\n","protected":false},"author":2,"featured_media":23943,"comment_status":"open","ping_status":"open","sticky":false,"template":"","format":"standard","meta":{"footnotes":""},"categories":[33,2651],"tags":[440,42,1745],"class_list":["post-23966","post","type-post","status-publish","format-standard","has-post-thumbnail","hentry","category-menores","category-noticias","tag-c-a-tabuca-juniors","tag-fpfs","tag-novas-peneiras"],"_links":{"self":[{"href":"https:\/\/www.federacaopaulistadefutsal.com.br\/novo\/wp-json\/wp\/v2\/posts\/23966","targetHints":{"allow":["GET"]}}],"collection":[{"href":"https:\/\/www.federacaopaulistadefutsal.com.br\/novo\/wp-json\/wp\/v2\/posts"}],"about":[{"href":"https:\/\/www.federacaopaulistadefutsal.com.br\/novo\/wp-json\/wp\/v2\/types\/post"}],"author":[{"embeddable":true,"href":"https:\/\/www.federacaopaulistadefutsal.com.br\/novo\/wp-json\/wp\/v2\/users\/2"}],"replies":[{"embeddable":true,"href":"https:\/\/www.federacaopaulistadefutsal.com.br\/novo\/wp-json\/wp\/v2\/comments?post=23966"}],"version-history":[{"count":1,"href":"https:\/\/www.federacaopaulistadefutsal.com.br\/novo\/wp-json\/wp\/v2\/posts\/23966\/revisions"}],"predecessor-version":[{"id":23967,"href":"https:\/\/www.federacaopaulistadefutsal.com.br\/novo\/wp-json\/wp\/v2\/posts\/23966\/revisions\/23967"}],"wp:featuredmedia":[{"embeddable":true,"href":"https:\/\/www.federacaopaulistadefutsal.com.br\/novo\/wp-json\/wp\/v2\/media\/23943"}],"wp:attachment":[{"href":"https:\/\/www.federacaopaulistadefutsal.com.br\/novo\/wp-json\/wp\/v2\/media?parent=23966"}],"wp:term":[{"taxonomy":"category","embeddable":true,"href":"https:\/\/www.federacaopaulistadefutsal.com.br\/novo\/wp-json\/wp\/v2\/categories?post=23966"},{"taxonomy":"post_tag","embeddable":true,"href":"https:\/\/www.federacaopaulistadefutsal.com.br\/novo\/wp-json\/wp\/v2\/tags?post=23966"}],"curies":[{"name":"wp","href":"https:\/\/api.w.org\/{rel}","templated":true}]}}