{"id":24286,"date":"2018-07-19T12:16:25","date_gmt":"2018-07-19T12:16:25","guid":{"rendered":"http:\/\/www.federacaopaulistadefutsal.com.br\/novo\/?p=24286"},"modified":"2018-07-23T19:05:14","modified_gmt":"2018-07-23T19:05:14","slug":"capao-bonito-abre-seletivas-para-o-paulista-a2","status":"publish","type":"post","link":"https:\/\/www.federacaopaulistadefutsal.com.br\/novo\/capao-bonito-abre-seletivas-para-o-paulista-a2\/","title":{"rendered":"Cap\u00e3o Bonito abre seletivas para o Paulista A2"},"content":{"rendered":"<p>Visando melhorar o seu elenco para a disputa do Campeonato Paulista A2, o Cap\u00e3o Bonito abre peneiras para atletas nascidos nos anos de 2005, 2006 e 2007. Os testes ser\u00e3o realizados no dia 21 de julho (s\u00e1bado), a partir das 9h.<\/p>\n<p>Os interessados dever\u00e3o comparecer com documento de identidade e trajes adequados para a pr\u00e1tica das avalia\u00e7\u00f5es.<\/p>\n<p><em>Local: gin\u00e1sio Jos\u00e9 Elias de Proen\u00e7a<\/em><br \/>\n<em>Hor\u00e1rio: 9h \u00e0s 11h<\/em><\/p>\n","protected":false},"excerpt":{"rendered":"<p>Visando melhorar o seu elenco para a disputa do Campeonato Paulista A2, o Cap\u00e3o Bonito abre peneiras para atletas nascidos<\/p>\n","protected":false},"author":2,"featured_media":23910,"comment_status":"open","ping_status":"open","sticky":false,"template":"","format":"standard","meta":{"footnotes":""},"categories":[17,2651,1],"tags":[41,977,42,1745],"class_list":["post-24286","post","type-post","status-publish","format-standard","has-post-thumbnail","hentry","category-estadual-base-a2","category-noticias","category-novidades","tag-categorias-menores","tag-estadual-a2","tag-fpfs","tag-novas-peneiras"],"_links":{"self":[{"href":"https:\/\/www.federacaopaulistadefutsal.com.br\/novo\/wp-json\/wp\/v2\/posts\/24286","targetHints":{"allow":["GET"]}}],"collection":[{"href":"https:\/\/www.federacaopaulistadefutsal.com.br\/novo\/wp-json\/wp\/v2\/posts"}],"about":[{"href":"https:\/\/www.federacaopaulistadefutsal.com.br\/novo\/wp-json\/wp\/v2\/types\/post"}],"author":[{"embeddable":true,"href":"https:\/\/www.federacaopaulistadefutsal.com.br\/novo\/wp-json\/wp\/v2\/users\/2"}],"replies":[{"embeddable":true,"href":"https:\/\/www.federacaopaulistadefutsal.com.br\/novo\/wp-json\/wp\/v2\/comments?post=24286"}],"version-history":[{"count":2,"href":"https:\/\/www.federacaopaulistadefutsal.com.br\/novo\/wp-json\/wp\/v2\/posts\/24286\/revisions"}],"predecessor-version":[{"id":24288,"href":"https:\/\/www.federacaopaulistadefutsal.com.br\/novo\/wp-json\/wp\/v2\/posts\/24286\/revisions\/24288"}],"wp:featuredmedia":[{"embeddable":true,"href":"https:\/\/www.federacaopaulistadefutsal.com.br\/novo\/wp-json\/wp\/v2\/media\/23910"}],"wp:attachment":[{"href":"https:\/\/www.federacaopaulistadefutsal.com.br\/novo\/wp-json\/wp\/v2\/media?parent=24286"}],"wp:term":[{"taxonomy":"category","embeddable":true,"href":"https:\/\/www.federacaopaulistadefutsal.com.br\/novo\/wp-json\/wp\/v2\/categories?post=24286"},{"taxonomy":"post_tag","embeddable":true,"href":"https:\/\/www.federacaopaulistadefutsal.com.br\/novo\/wp-json\/wp\/v2\/tags?post=24286"}],"curies":[{"name":"wp","href":"https:\/\/api.w.org\/{rel}","templated":true}]}}