{"id":24561,"date":"2018-08-01T20:07:03","date_gmt":"2018-08-01T20:07:03","guid":{"rendered":"http:\/\/www.federacaopaulistadefutsal.com.br\/novo\/?p=24561"},"modified":"2018-08-01T20:07:03","modified_gmt":"2018-08-01T20:07:03","slug":"retrospectiva-time-sub-12-do-guarulhense-vence-a-selecao-itapeviense-por-2-a-1-e-e-campeao-da-serie-prata-a2","status":"publish","type":"post","link":"https:\/\/www.federacaopaulistadefutsal.com.br\/novo\/retrospectiva-time-sub-12-do-guarulhense-vence-a-selecao-itapeviense-por-2-a-1-e-e-campeao-da-serie-prata-a2\/","title":{"rendered":"Retrospectiva: Time sub-12 do Guarulhense vence a Sele\u00e7\u00e3o Itapeviense por 2 a 1 e \u00e9 campe\u00e3o da S\u00e9rie Prata A2"},"content":{"rendered":"<p>Sendo as \u00faltimas equipes a entrarem em quadra nas finais do Metropolitano A2 S\u00e9rie Prata, o sub-12 do Guarulhense e Sele\u00e7\u00e3o Itapeviense se enfrentaram no Ciro I valendo o t\u00edtulo da categoria.<\/p>\n<p>Por apenas um gol de vantagem, mas o suficiente, o time de Guarulhos sagrou-se campe\u00e3o do torneio ao vencer por 2 a 1.<\/p>\n<p>Luiz Fernando e Vinicius Pereira anotaram para os campe\u00f5es. O \u00fanico gol do Itapeviense saiu dos p\u00e9s de Sergio Alves.<\/p>\n","protected":false},"excerpt":{"rendered":"<p>Sendo as \u00faltimas equipes a entrarem em quadra nas finais do Metropolitano A2 S\u00e9rie Prata, o sub-12 do Guarulhense e<\/p>\n","protected":false},"author":2,"featured_media":24562,"comment_status":"open","ping_status":"open","sticky":false,"template":"","format":"standard","meta":{"footnotes":""},"categories":[19,2651],"tags":[619,42,2285,2339],"class_list":["post-24561","post","type-post","status-publish","format-standard","has-post-thumbnail","hentry","category-metropolitano-base-a2","category-noticias","tag-clube-atletico-guarulhense","tag-fpfs","tag-serie-prata","tag-sub-12"],"_links":{"self":[{"href":"https:\/\/www.federacaopaulistadefutsal.com.br\/novo\/wp-json\/wp\/v2\/posts\/24561","targetHints":{"allow":["GET"]}}],"collection":[{"href":"https:\/\/www.federacaopaulistadefutsal.com.br\/novo\/wp-json\/wp\/v2\/posts"}],"about":[{"href":"https:\/\/www.federacaopaulistadefutsal.com.br\/novo\/wp-json\/wp\/v2\/types\/post"}],"author":[{"embeddable":true,"href":"https:\/\/www.federacaopaulistadefutsal.com.br\/novo\/wp-json\/wp\/v2\/users\/2"}],"replies":[{"embeddable":true,"href":"https:\/\/www.federacaopaulistadefutsal.com.br\/novo\/wp-json\/wp\/v2\/comments?post=24561"}],"version-history":[{"count":1,"href":"https:\/\/www.federacaopaulistadefutsal.com.br\/novo\/wp-json\/wp\/v2\/posts\/24561\/revisions"}],"predecessor-version":[{"id":24563,"href":"https:\/\/www.federacaopaulistadefutsal.com.br\/novo\/wp-json\/wp\/v2\/posts\/24561\/revisions\/24563"}],"wp:featuredmedia":[{"embeddable":true,"href":"https:\/\/www.federacaopaulistadefutsal.com.br\/novo\/wp-json\/wp\/v2\/media\/24562"}],"wp:attachment":[{"href":"https:\/\/www.federacaopaulistadefutsal.com.br\/novo\/wp-json\/wp\/v2\/media?parent=24561"}],"wp:term":[{"taxonomy":"category","embeddable":true,"href":"https:\/\/www.federacaopaulistadefutsal.com.br\/novo\/wp-json\/wp\/v2\/categories?post=24561"},{"taxonomy":"post_tag","embeddable":true,"href":"https:\/\/www.federacaopaulistadefutsal.com.br\/novo\/wp-json\/wp\/v2\/tags?post=24561"}],"curies":[{"name":"wp","href":"https:\/\/api.w.org\/{rel}","templated":true}]}}