{"id":24582,"date":"2018-08-02T15:41:27","date_gmt":"2018-08-02T15:41:27","guid":{"rendered":"http:\/\/www.federacaopaulistadefutsal.com.br\/novo\/?p=24582"},"modified":"2018-08-02T15:41:27","modified_gmt":"2018-08-02T15:41:27","slug":"tecnico-marquinhos-xavier-completa-um-ano-a-frente-do-brasil-com-100-de-aproveitamento","status":"publish","type":"post","link":"https:\/\/www.federacaopaulistadefutsal.com.br\/novo\/tecnico-marquinhos-xavier-completa-um-ano-a-frente-do-brasil-com-100-de-aproveitamento\/","title":{"rendered":"T\u00e9cnico Marquinhos Xavier completa um ano \u00e0 frente do Brasil com 100% de aproveitamento"},"content":{"rendered":"<p>O ciclo do primeiro ano de Marquinhos Xavier como t\u00e9cnico da sele\u00e7\u00e3o brasileira completou um ano na ter\u00e7a-feira (31). S\u00e3o 365 dias no comando do Brasil nas quadras, acumulando apenas um tipo de resultado ao longo dessa trajet\u00f3ria: vit\u00f3ria.<\/p>\n<p>Marquinhos completou 16 partidas \u00e0 frente da Sele\u00e7\u00e3o, todas terminando com triunfo. A maior delas em duelo contra o Uruguai, na fase de grupos do Grand Prix, quando o Brasil venceu por 10 a 1. O mesmo Uruguai que tamb\u00e9m dificultou a vida do treinador em um amistoso, quando a Sele\u00e7\u00e3o superou a celeste por 1 a 0.<\/p>\n<p>O balan\u00e7o dessa experi\u00eancia n\u00e3o poderia ser melhor do que positivo. O treinador avalia que o aproveitamento foi importante, mas ressalta o resgate do respeito que os advers\u00e1rios sentem antes de encarar a Sele\u00e7\u00e3o Brasileira como grande trunfo.<\/p>\n<p>&#8220;O que pavimenta uma prepara\u00e7\u00e3o n\u00e3o s\u00e3o s\u00f3 vit\u00f3rias &#8211; \u00e0s vezes as derrotas te trazem bons caminhos e resultados, com voc\u00ea aprendendendo a lidar com algumas frustra\u00e7\u00f5es. Mas, as vit\u00f3rias foram importantes, ainda com as conquistas do Grand Prix e do Zonal Sul-Americano, que mostra que a Sele\u00e7\u00e3o segue sendo respeitada e uma das maiores do mundo. Ent\u00e3o o balan\u00e7o \u00e9 positivo, de um ano de bastante trabalho e dedica\u00e7\u00e3o que culminam com conquistas importantes&#8221;, pontua.<\/p>\n<p><strong>Europa x Am\u00e9rica do Sul<\/strong><\/p>\n<p>Dentro das 16 partidas vencidas por Marquinhos, a Sele\u00e7\u00e3o enfrentou equipes sul-americanas e europeias. Muito se fala da diferen\u00e7a na caracter\u00edstica de jogo das duas &#8220;escolas&#8221; mais tradicionais da modalidade, exaltada pelo treinador brasileiro.<\/p>\n<p>&#8220;Embora o futsal seja \u00fanico no mundo, as culturas fazem com que cada pa\u00eds tenha uma diferen\u00e7a na caracter\u00edstica de jogo e isso precisa ser respeitado sob pena de voc\u00ea n\u00e3o conseguir um bom resultado, por exemplo, se quiser implantar o que se faz no Brasil em um pa\u00eds da Europa ou vice-versa. O que se faz l\u00e1 respeita quest\u00f5es culturais do continente, assim como por aqui. De todas as equipes a Rep\u00fablica Tcheca foi a que mais me chamou a aten\u00e7\u00e3o. Uma equipe forte fisicamente, que l\u00ea bem o jogo e tem potencial para crescimento&#8221;, destaca.<\/p>\n<p>A experi\u00eancia como treinador da Sele\u00e7\u00e3o ainda n\u00e3o foi suficiente para mudar tanto a personalidade de Marquinhos Xavier, como o pr\u00f3prio confessa. Por\u00e9m, aponta que desde que assumiu a Sele\u00e7\u00e3o novas oportunidades surgiram para levar conhecimento para outras pessoas, inclusive fora do pa\u00eds.<\/p>\n<p>&#8220;Talvez n\u00e3o exista grande mudan\u00e7a na quest\u00e3o profissional e pessoal, mas a Sele\u00e7\u00e3o te d\u00e1 oportunidades para desbravar novos caminhos e faz com que o profissional tenha uma responsabilidade um pouco maior &#8211; dentro disso a oportunidade de falar mais de futsal brasileiro, melhorar a modalidade como um todo. A principal mudan\u00e7a nem \u00e9 a n\u00edvel profissional, mas a n\u00edvel de oportunidades. S\u00e3o situa\u00e7\u00f5es que acontecem para quem est\u00e1 \u00e0 frente do cargo, como a oportunidade de estar em outros pa\u00edses e falar sobre o futsal brasileiro. Acho que essa \u00e9 a mais significativa de todas&#8221;, afirma.<\/p>\n<p><strong>Retrospecto<\/strong><\/p>\n<p>&nbsp;<\/p>\n<p><strong>Amistosos<\/strong><\/p>\n<p>Brasil 1 x 0 Uruguai<br \/>\nBrasil 7 x 1 Uruguai<br \/>\nBrasil 3 x 1 Costa Rica<br \/>\nBrasil 5 x 1 Costa Rica<br \/>\nBrasil 8 x 2 Paraguai<br \/>\nBrasil 8 x 3 Paraguai<br \/>\nBrasil 3 x 1 Pol\u00f4nia<br \/>\nBrasil 5 x 0 Pol\u00f4nia<\/p>\n<p><strong>Liga Sul-Americana (Sele\u00e7\u00e3o Principal)<br \/>\n<\/strong><br \/>\nBrasil 3 x 1 Peru<br \/>\nBrasil 5 x 3 Equador<br \/>\nBrasil 3 x 2 Col\u00f4mbia<\/p>\n<p><strong>Grand Prix<\/strong><\/p>\n<p><strong>Fase de grupo<\/strong><\/p>\n<p>Brasil 10 x 1 Uruguai<br \/>\nBrasil 6 x 1 Costa Rica<br \/>\nBrasil 8 x 4 B\u00e9lgica<br \/>\nBrasil 9 x 4 Rep\u00fablica Tcheca<\/p>\n<p><strong>Final<\/strong><\/p>\n<p>Brasil 4 x 2 Rep\u00fablica Tcheca<\/p>\n<p><em>Informa\u00e7\u00f5es: assessoria de imprensa CBFS<\/em><br \/>\n<em>Foto:\u00a0Ricardo Artifon\/CBFS<\/em><\/p>\n","protected":false},"excerpt":{"rendered":"<p>O ciclo do primeiro ano de Marquinhos Xavier como t\u00e9cnico da sele\u00e7\u00e3o brasileira completou um ano na ter\u00e7a-feira (31). S\u00e3o<\/p>\n","protected":false},"author":2,"featured_media":24557,"comment_status":"open","ping_status":"open","sticky":false,"template":"","format":"standard","meta":{"footnotes":""},"categories":[25,2651,35],"tags":[42,1147,2240],"class_list":["post-24582","post","type-post","status-publish","format-standard","has-post-thumbnail","hentry","category-destaques","category-noticias","category-selecao","tag-fpfs","tag-futsal-masculino","tag-selecao-brasileira"],"_links":{"self":[{"href":"https:\/\/www.federacaopaulistadefutsal.com.br\/novo\/wp-json\/wp\/v2\/posts\/24582","targetHints":{"allow":["GET"]}}],"collection":[{"href":"https:\/\/www.federacaopaulistadefutsal.com.br\/novo\/wp-json\/wp\/v2\/posts"}],"about":[{"href":"https:\/\/www.federacaopaulistadefutsal.com.br\/novo\/wp-json\/wp\/v2\/types\/post"}],"author":[{"embeddable":true,"href":"https:\/\/www.federacaopaulistadefutsal.com.br\/novo\/wp-json\/wp\/v2\/users\/2"}],"replies":[{"embeddable":true,"href":"https:\/\/www.federacaopaulistadefutsal.com.br\/novo\/wp-json\/wp\/v2\/comments?post=24582"}],"version-history":[{"count":1,"href":"https:\/\/www.federacaopaulistadefutsal.com.br\/novo\/wp-json\/wp\/v2\/posts\/24582\/revisions"}],"predecessor-version":[{"id":24583,"href":"https:\/\/www.federacaopaulistadefutsal.com.br\/novo\/wp-json\/wp\/v2\/posts\/24582\/revisions\/24583"}],"wp:featuredmedia":[{"embeddable":true,"href":"https:\/\/www.federacaopaulistadefutsal.com.br\/novo\/wp-json\/wp\/v2\/media\/24557"}],"wp:attachment":[{"href":"https:\/\/www.federacaopaulistadefutsal.com.br\/novo\/wp-json\/wp\/v2\/media?parent=24582"}],"wp:term":[{"taxonomy":"category","embeddable":true,"href":"https:\/\/www.federacaopaulistadefutsal.com.br\/novo\/wp-json\/wp\/v2\/categories?post=24582"},{"taxonomy":"post_tag","embeddable":true,"href":"https:\/\/www.federacaopaulistadefutsal.com.br\/novo\/wp-json\/wp\/v2\/tags?post=24582"}],"curies":[{"name":"wp","href":"https:\/\/api.w.org\/{rel}","templated":true}]}}