{"id":248,"date":"2018-01-04T18:28:42","date_gmt":"2018-01-04T18:28:42","guid":{"rendered":"http:\/\/www.federacaopaulistadefutsal.com.br\/novo\/?p=248"},"modified":"2018-05-03T18:33:26","modified_gmt":"2018-05-03T18:33:26","slug":"liga-leste-futsal-promove-seletivas-para-as-categorias-menores","status":"publish","type":"post","link":"https:\/\/www.federacaopaulistadefutsal.com.br\/novo\/liga-leste-futsal-promove-seletivas-para-as-categorias-menores\/","title":{"rendered":"Liga Leste Futsal promove seletivas para as categorias menores"},"content":{"rendered":"<p>A temporada 2018 j\u00e1 come\u00e7ou movimentada nos bastidores do Liga Leste Futsal. Neste come\u00e7o de semana, a diretoria divulgou as datas e hor\u00e1rios para as seletivas nas categorias menores. Confira:<\/p>\n<p><em>Categorias sub-8\/9\/10 \u2013 Segunda e quarta-feira, \u00e0s 19h, com os professores Rafael Prestes\u00a0 e Patr\u00edcia Ber\u00e7a.<\/em><\/p>\n<p><em>Categoria sub-12 \u2013 Ter\u00e7a e quinta-feira, \u00e0s 20h30, com o professor Edmar Fermino Lima.<\/em><\/p>\n<p><em>Categoria sub-14 \u2013 Ter\u00e7a e quinta, \u00e0s 20h30, com o professor Turkinho.<\/em><\/p>\n<p><em>Categorias sub-16 \u00a0\u2013 Segunda e quarta-feira, \u00e0s 19h, com os professor Zizo Pereira.<\/em><\/p>\n<p><em>Categorias sub-18 \u00a0\u2013 Segunda e quarta-feira, \u00e0s 20h30h, com os professor Zizo Pereira.<\/em><\/p>\n<p>Atletas interessados devem ir acompanhados por um respons\u00e1vel, munidos de material de jogo (t\u00eanis, mei\u00e3o, camisa, cal\u00e7\u00e3o e demais assess\u00f3rios). Lembrando que as atividades retornam no pr\u00f3ximo dia 15 (segunda-feira).<\/p>\n<p>O Liga Leste Futsal se localiza na Rua Ioneji Matsubayashi, 982, Itaquera (zona leste de SP). Mais informa\u00e7\u00f5es pelo n\u00famero 9 46837365, com Sergio.<\/p>\n","protected":false},"excerpt":{"rendered":"<p>A temporada 2018 j\u00e1 come\u00e7ou movimentada nos bastidores do Liga Leste Futsal. Neste come\u00e7o de semana, a diretoria divulgou as<\/p>\n","protected":false},"author":1,"featured_media":128,"comment_status":"open","ping_status":"open","sticky":false,"template":"","format":"standard","meta":{"footnotes":""},"categories":[25,33],"tags":[41,42,44,43],"class_list":["post-248","post","type-post","status-publish","format-standard","has-post-thumbnail","hentry","category-destaques","category-menores","tag-categorias-menores","tag-fpfs","tag-liga-leste-reabilitar","tag-peneiras"],"_links":{"self":[{"href":"https:\/\/www.federacaopaulistadefutsal.com.br\/novo\/wp-json\/wp\/v2\/posts\/248","targetHints":{"allow":["GET"]}}],"collection":[{"href":"https:\/\/www.federacaopaulistadefutsal.com.br\/novo\/wp-json\/wp\/v2\/posts"}],"about":[{"href":"https:\/\/www.federacaopaulistadefutsal.com.br\/novo\/wp-json\/wp\/v2\/types\/post"}],"author":[{"embeddable":true,"href":"https:\/\/www.federacaopaulistadefutsal.com.br\/novo\/wp-json\/wp\/v2\/users\/1"}],"replies":[{"embeddable":true,"href":"https:\/\/www.federacaopaulistadefutsal.com.br\/novo\/wp-json\/wp\/v2\/comments?post=248"}],"version-history":[{"count":1,"href":"https:\/\/www.federacaopaulistadefutsal.com.br\/novo\/wp-json\/wp\/v2\/posts\/248\/revisions"}],"predecessor-version":[{"id":249,"href":"https:\/\/www.federacaopaulistadefutsal.com.br\/novo\/wp-json\/wp\/v2\/posts\/248\/revisions\/249"}],"wp:featuredmedia":[{"embeddable":true,"href":"https:\/\/www.federacaopaulistadefutsal.com.br\/novo\/wp-json\/wp\/v2\/media\/128"}],"wp:attachment":[{"href":"https:\/\/www.federacaopaulistadefutsal.com.br\/novo\/wp-json\/wp\/v2\/media?parent=248"}],"wp:term":[{"taxonomy":"category","embeddable":true,"href":"https:\/\/www.federacaopaulistadefutsal.com.br\/novo\/wp-json\/wp\/v2\/categories?post=248"},{"taxonomy":"post_tag","embeddable":true,"href":"https:\/\/www.federacaopaulistadefutsal.com.br\/novo\/wp-json\/wp\/v2\/tags?post=248"}],"curies":[{"name":"wp","href":"https:\/\/api.w.org\/{rel}","templated":true}]}}