{"id":25023,"date":"2018-08-23T22:07:33","date_gmt":"2018-08-23T22:07:33","guid":{"rendered":"http:\/\/www.federacaopaulistadefutsal.com.br\/novo\/?p=25023"},"modified":"2018-08-23T22:07:33","modified_gmt":"2018-08-23T22:07:33","slug":"estadual-a1-serie-cobre-times-sub-8-de-a-d-mogi-das-cruzes-ribeirao-pires-sind-metalurgicos-de-jundiai-e-a-a-p-g-ocian-p-c-avancam-as-semis","status":"publish","type":"post","link":"https:\/\/www.federacaopaulistadefutsal.com.br\/novo\/estadual-a1-serie-cobre-times-sub-8-de-a-d-mogi-das-cruzes-ribeirao-pires-sind-metalurgicos-de-jundiai-e-a-a-p-g-ocian-p-c-avancam-as-semis\/","title":{"rendered":"Estadual A1 S\u00e9rie Cobre: Times sub-8 de A.D. Mogi das Cruzes, Ribeir\u00e3o Pires, Sind. Metal\u00fargicos de Jundia\u00ed\u00a0 e A.A.P.G.\/Ocian P.C.\u00a0avan\u00e7am \u00e0s semis"},"content":{"rendered":"<p>18\/08\/18 10:00 &#8211; Gin\u00e1sio Presidente Ciro I<br \/>\n<b>Inter Mogi 1 x 4\u00a0A.D. Mogi das Cruzes\/Vila Santista\u00a0<\/b><\/p>\n<p>18\/08\/18 14:00 &#8211; Gin\u00e1sio Presidente Ciro I<br \/>\n<b>C.T.C. Vila Ema 2 x 3\u00a0Ribeir\u00e3o Pires F.C.\u00a0<\/b><\/p>\n<p>18\/08\/18 16:00 &#8211; Gin\u00e1sio Presidente Ciro I<br \/>\n<b>SAJEA\/OMEGA 0 x 2\u00a0Sind. Metal\u00fargicos de Jundia\u00ed\u00a0<\/b><\/p>\n<p>19\/08\/18 09:00 &#8211; Gin\u00e1sio Presidente Ciro I<br \/>\n<b>Suzano F.C. 2 x 3\u00a0\u00a0A.A.P.G.\/Ocian P.C.\u00a0<\/b><\/p>\n","protected":false},"excerpt":{"rendered":"<p>18\/08\/18 10:00 &#8211; Gin\u00e1sio Presidente Ciro I Inter Mogi 1 x 4\u00a0A.D. Mogi das Cruzes\/Vila Santista\u00a0 18\/08\/18 14:00 &#8211; Gin\u00e1sio<\/p>\n","protected":false},"author":2,"featured_media":24913,"comment_status":"open","ping_status":"open","sticky":false,"template":"","format":"standard","meta":{"footnotes":""},"categories":[8],"tags":[976,42,2281,2343],"class_list":["post-25023","post","type-post","status-publish","format-standard","has-post-thumbnail","hentry","category-estadual-base-a1","tag-estadual-a1","tag-fpfs","tag-serie-cobre","tag-sub-8"],"_links":{"self":[{"href":"https:\/\/www.federacaopaulistadefutsal.com.br\/novo\/wp-json\/wp\/v2\/posts\/25023","targetHints":{"allow":["GET"]}}],"collection":[{"href":"https:\/\/www.federacaopaulistadefutsal.com.br\/novo\/wp-json\/wp\/v2\/posts"}],"about":[{"href":"https:\/\/www.federacaopaulistadefutsal.com.br\/novo\/wp-json\/wp\/v2\/types\/post"}],"author":[{"embeddable":true,"href":"https:\/\/www.federacaopaulistadefutsal.com.br\/novo\/wp-json\/wp\/v2\/users\/2"}],"replies":[{"embeddable":true,"href":"https:\/\/www.federacaopaulistadefutsal.com.br\/novo\/wp-json\/wp\/v2\/comments?post=25023"}],"version-history":[{"count":3,"href":"https:\/\/www.federacaopaulistadefutsal.com.br\/novo\/wp-json\/wp\/v2\/posts\/25023\/revisions"}],"predecessor-version":[{"id":25029,"href":"https:\/\/www.federacaopaulistadefutsal.com.br\/novo\/wp-json\/wp\/v2\/posts\/25023\/revisions\/25029"}],"wp:featuredmedia":[{"embeddable":true,"href":"https:\/\/www.federacaopaulistadefutsal.com.br\/novo\/wp-json\/wp\/v2\/media\/24913"}],"wp:attachment":[{"href":"https:\/\/www.federacaopaulistadefutsal.com.br\/novo\/wp-json\/wp\/v2\/media?parent=25023"}],"wp:term":[{"taxonomy":"category","embeddable":true,"href":"https:\/\/www.federacaopaulistadefutsal.com.br\/novo\/wp-json\/wp\/v2\/categories?post=25023"},{"taxonomy":"post_tag","embeddable":true,"href":"https:\/\/www.federacaopaulistadefutsal.com.br\/novo\/wp-json\/wp\/v2\/tags?post=25023"}],"curies":[{"name":"wp","href":"https:\/\/api.w.org\/{rel}","templated":true}]}}