{"id":25034,"date":"2018-08-24T13:28:46","date_gmt":"2018-08-24T13:28:46","guid":{"rendered":"http:\/\/www.federacaopaulistadefutsal.com.br\/novo\/?p=25034"},"modified":"2018-08-24T13:28:46","modified_gmt":"2018-08-24T13:28:46","slug":"semifinais-do-estadual-serie-bronze-na-categoria-sub-8-acontecem-nesse-fim-de-semana","status":"publish","type":"post","link":"https:\/\/www.federacaopaulistadefutsal.com.br\/novo\/semifinais-do-estadual-serie-bronze-na-categoria-sub-8-acontecem-nesse-fim-de-semana\/","title":{"rendered":"Semifinais do Estadual S\u00e9rie Bronze na categoria sub-8 acontecem nesse fim de semana"},"content":{"rendered":"<p>25\/08\/18 10:00 &#8211; Gin\u00e1sio Presidente Ciro I<br \/>\n<b>Sele\u00e7\u00e3o Itapeviense de Futsal x\u00a0Luso Brasileiro<\/b><\/p>\n<p>25\/08\/18 13:00 &#8211; Gin\u00e1sio Presidente Ciro I<br \/>\n<b>G.R. Gremetal x\u00a0A.E.C. Incr\u00edveis<\/b><\/p>\n","protected":false},"excerpt":{"rendered":"<p>25\/08\/18 10:00 &#8211; Gin\u00e1sio Presidente Ciro I Sele\u00e7\u00e3o Itapeviense de Futsal x\u00a0Luso Brasileiro 25\/08\/18 13:00 &#8211; Gin\u00e1sio Presidente Ciro I<\/p>\n","protected":false},"author":2,"featured_media":24791,"comment_status":"open","ping_status":"open","sticky":false,"template":"","format":"standard","meta":{"footnotes":""},"categories":[8,2651],"tags":[976,42,2280,2343],"class_list":["post-25034","post","type-post","status-publish","format-standard","has-post-thumbnail","hentry","category-estadual-base-a1","category-noticias","tag-estadual-a1","tag-fpfs","tag-serie-bronze","tag-sub-8"],"_links":{"self":[{"href":"https:\/\/www.federacaopaulistadefutsal.com.br\/novo\/wp-json\/wp\/v2\/posts\/25034","targetHints":{"allow":["GET"]}}],"collection":[{"href":"https:\/\/www.federacaopaulistadefutsal.com.br\/novo\/wp-json\/wp\/v2\/posts"}],"about":[{"href":"https:\/\/www.federacaopaulistadefutsal.com.br\/novo\/wp-json\/wp\/v2\/types\/post"}],"author":[{"embeddable":true,"href":"https:\/\/www.federacaopaulistadefutsal.com.br\/novo\/wp-json\/wp\/v2\/users\/2"}],"replies":[{"embeddable":true,"href":"https:\/\/www.federacaopaulistadefutsal.com.br\/novo\/wp-json\/wp\/v2\/comments?post=25034"}],"version-history":[{"count":1,"href":"https:\/\/www.federacaopaulistadefutsal.com.br\/novo\/wp-json\/wp\/v2\/posts\/25034\/revisions"}],"predecessor-version":[{"id":25035,"href":"https:\/\/www.federacaopaulistadefutsal.com.br\/novo\/wp-json\/wp\/v2\/posts\/25034\/revisions\/25035"}],"wp:featuredmedia":[{"embeddable":true,"href":"https:\/\/www.federacaopaulistadefutsal.com.br\/novo\/wp-json\/wp\/v2\/media\/24791"}],"wp:attachment":[{"href":"https:\/\/www.federacaopaulistadefutsal.com.br\/novo\/wp-json\/wp\/v2\/media?parent=25034"}],"wp:term":[{"taxonomy":"category","embeddable":true,"href":"https:\/\/www.federacaopaulistadefutsal.com.br\/novo\/wp-json\/wp\/v2\/categories?post=25034"},{"taxonomy":"post_tag","embeddable":true,"href":"https:\/\/www.federacaopaulistadefutsal.com.br\/novo\/wp-json\/wp\/v2\/tags?post=25034"}],"curies":[{"name":"wp","href":"https:\/\/api.w.org\/{rel}","templated":true}]}}