{"id":25042,"date":"2018-08-24T16:56:47","date_gmt":"2018-08-24T16:56:47","guid":{"rendered":"http:\/\/www.federacaopaulistadefutsal.com.br\/novo\/?p=25042"},"modified":"2018-08-28T12:09:04","modified_gmt":"2018-08-28T12:09:04","slug":"selecao-feminina-sub-20-inicia-periodo-de-treinos-em-manaus","status":"publish","type":"post","link":"https:\/\/www.federacaopaulistadefutsal.com.br\/novo\/selecao-feminina-sub-20-inicia-periodo-de-treinos-em-manaus\/","title":{"rendered":"Sele\u00e7\u00e3o feminina sub-20 inicia per\u00edodo de treinos em Manaus"},"content":{"rendered":"<p>A sele\u00e7\u00e3o feminina iniciou os treinos para o Sul-Americano da categoria, que foi confirmado pela Conmebol para o fim de outubro, entre os dias 21 e 28, na cidade de Santiago, Chile.<\/p>\n<p>O grupo convocado est\u00e1 em per\u00edodo de prepara\u00e7\u00e3o na cidade de Manaus (AM), onde ainda realizar\u00e3o um amistoso.<\/p>\n<p>A primeira edi\u00e7\u00e3o do Sul-Americano sub-20 feminino foi realizada em 2016, terminando com o Brasil como campe\u00e3o. Na final, \u00e0s brasileiras derrotaram a Col\u00f4mbia por 4 a 2, ficando com a ta\u00e7a in\u00e9dita.<\/p>\n<p>Quatro atletas, que atuam no futsal paulista, foram convocadas para o per\u00edodo de treinos da Sele\u00e7\u00e3o: Jhennifer (goleira) e Bia (ala\/fixa &#8211; <strong>foto em destaque<\/strong>), ambas do S\u00e3o Jos\u00e9, foram convocadas pela segunda vez na temporada.\u00a0 Giovana (goleira) e Let\u00edcia (piv\u00f4), do Corinthians\/Tiger, tamb\u00e9m foram chamadas para os treinamentos em Manaus.<\/p>\n<figure id=\"attachment_25045\" aria-describedby=\"caption-attachment-25045\" style=\"width: 570px\" class=\"wp-caption aligncenter\"><img fetchpriority=\"high\" decoding=\"async\" class=\"wp-image-25045\" src=\"http:\/\/www.federacaopaulistadefutsal.com.br\/novo\/wp-content\/uploads\/2018\/08\/39951646_310343679739049_6981913276057649152_n-1024x683.jpg\" alt=\"\" width=\"570\" height=\"380\" srcset=\"https:\/\/www.federacaopaulistadefutsal.com.br\/novo\/wp-content\/uploads\/2018\/08\/39951646_310343679739049_6981913276057649152_n-1024x683.jpg 1024w, https:\/\/www.federacaopaulistadefutsal.com.br\/novo\/wp-content\/uploads\/2018\/08\/39951646_310343679739049_6981913276057649152_n-300x200.jpg 300w, https:\/\/www.federacaopaulistadefutsal.com.br\/novo\/wp-content\/uploads\/2018\/08\/39951646_310343679739049_6981913276057649152_n-768x512.jpg 768w, https:\/\/www.federacaopaulistadefutsal.com.br\/novo\/wp-content\/uploads\/2018\/08\/39951646_310343679739049_6981913276057649152_n.jpg 1920w\" sizes=\"(max-width: 570px) 100vw, 570px\" \/><figcaption id=\"caption-attachment-25045\" class=\"wp-caption-text\">Jhennifer, do S\u00e3o Jos\u00e9, segue com a sua prepara\u00e7\u00e3o junto \u00e0 comiss\u00e3o t\u00e9cnica e elenco.<\/figcaption><\/figure>\n<p>&nbsp;<\/p>\n<figure id=\"attachment_25048\" aria-describedby=\"caption-attachment-25048\" style=\"width: 551px\" class=\"wp-caption aligncenter\"><img decoding=\"async\" class=\" wp-image-25048\" src=\"http:\/\/www.federacaopaulistadefutsal.com.br\/novo\/wp-content\/uploads\/2018\/08\/39984668_512582615868488_5623982223519645696_n-1024x682.jpg\" alt=\"\" width=\"551\" height=\"367\" srcset=\"https:\/\/www.federacaopaulistadefutsal.com.br\/novo\/wp-content\/uploads\/2018\/08\/39984668_512582615868488_5623982223519645696_n-1024x682.jpg 1024w, https:\/\/www.federacaopaulistadefutsal.com.br\/novo\/wp-content\/uploads\/2018\/08\/39984668_512582615868488_5623982223519645696_n-300x200.jpg 300w, https:\/\/www.federacaopaulistadefutsal.com.br\/novo\/wp-content\/uploads\/2018\/08\/39984668_512582615868488_5623982223519645696_n-768x512.jpg 768w, https:\/\/www.federacaopaulistadefutsal.com.br\/novo\/wp-content\/uploads\/2018\/08\/39984668_512582615868488_5623982223519645696_n.jpg 1136w\" sizes=\"(max-width: 551px) 100vw, 551px\" \/><figcaption id=\"caption-attachment-25048\" class=\"wp-caption-text\">Let\u00edcia e Gioavanna, jogadoras do Corinthians\/Tiger.<\/figcaption><\/figure>\n<p><em>Informa\u00e7\u00f5es: assessoria de imprensa CBFS<\/em><br \/>\n<em>Fotos: Naiara Gresta<\/em><\/p>\n","protected":false},"excerpt":{"rendered":"<p>A sele\u00e7\u00e3o feminina iniciou os treinos para o Sul-Americano da categoria, que foi confirmado pela Conmebol para o fim de<\/p>\n","protected":false},"author":2,"featured_media":25044,"comment_status":"open","ping_status":"open","sticky":false,"template":"","format":"standard","meta":{"footnotes":""},"categories":[2660,25,2651,35],"tags":[549,42,1138,2240,2363],"class_list":["post-25042","post","type-post","status-publish","format-standard","has-post-thumbnail","hentry","category-home-destaque","category-destaques","category-noticias","category-selecao","tag-categoria-sub-20","tag-fpfs","tag-futsal-feminino","tag-selecao-brasileira","tag-sul-americano-sub-20"],"_links":{"self":[{"href":"https:\/\/www.federacaopaulistadefutsal.com.br\/novo\/wp-json\/wp\/v2\/posts\/25042","targetHints":{"allow":["GET"]}}],"collection":[{"href":"https:\/\/www.federacaopaulistadefutsal.com.br\/novo\/wp-json\/wp\/v2\/posts"}],"about":[{"href":"https:\/\/www.federacaopaulistadefutsal.com.br\/novo\/wp-json\/wp\/v2\/types\/post"}],"author":[{"embeddable":true,"href":"https:\/\/www.federacaopaulistadefutsal.com.br\/novo\/wp-json\/wp\/v2\/users\/2"}],"replies":[{"embeddable":true,"href":"https:\/\/www.federacaopaulistadefutsal.com.br\/novo\/wp-json\/wp\/v2\/comments?post=25042"}],"version-history":[{"count":4,"href":"https:\/\/www.federacaopaulistadefutsal.com.br\/novo\/wp-json\/wp\/v2\/posts\/25042\/revisions"}],"predecessor-version":[{"id":25049,"href":"https:\/\/www.federacaopaulistadefutsal.com.br\/novo\/wp-json\/wp\/v2\/posts\/25042\/revisions\/25049"}],"wp:featuredmedia":[{"embeddable":true,"href":"https:\/\/www.federacaopaulistadefutsal.com.br\/novo\/wp-json\/wp\/v2\/media\/25044"}],"wp:attachment":[{"href":"https:\/\/www.federacaopaulistadefutsal.com.br\/novo\/wp-json\/wp\/v2\/media?parent=25042"}],"wp:term":[{"taxonomy":"category","embeddable":true,"href":"https:\/\/www.federacaopaulistadefutsal.com.br\/novo\/wp-json\/wp\/v2\/categories?post=25042"},{"taxonomy":"post_tag","embeddable":true,"href":"https:\/\/www.federacaopaulistadefutsal.com.br\/novo\/wp-json\/wp\/v2\/tags?post=25042"}],"curies":[{"name":"wp","href":"https:\/\/api.w.org\/{rel}","templated":true}]}}