{"id":25160,"date":"2018-08-29T23:27:40","date_gmt":"2018-08-29T23:27:40","guid":{"rendered":"http:\/\/www.federacaopaulistadefutsal.com.br\/novo\/?p=25160"},"modified":"2018-08-29T23:27:40","modified_gmt":"2018-08-29T23:27:40","slug":"magnus-vence-barcelona-e-avanca-no-mundial-de-clubes","status":"publish","type":"post","link":"https:\/\/www.federacaopaulistadefutsal.com.br\/novo\/magnus-vence-barcelona-e-avanca-no-mundial-de-clubes\/","title":{"rendered":"Magnus vence Barcelona e avan\u00e7a no Mundial de Clubes"},"content":{"rendered":"<p>O Magnus Futsal enfrentou na manh\u00e3 desta quarta-feira (29) a equipe do Barcelona e, ap\u00f3s uma partida emocionante, venceu por 1 a 0, garantindo o primeiro lugar do Grupo B e avan\u00e7ando para a semifinal do Mundial de Clubes, sediado em Bangkok (Tail\u00e2ndia). O time de Sorocaba terminou a fase classificat\u00f3ria com seis pontos em dois jogos e o time espanhol ficou com o segundo lugar, somando tr\u00eas pontos.<\/p>\n<p>Em uma partida equilibrada e de forte marca\u00e7\u00e3o, prevaleceram foco e determina\u00e7\u00e3o para garantir o primeiro lugar do grupo. De um lado, o time brasileiro buscava o desarme e as jogadas r\u00e1pidas de transi\u00e7\u00e3o, enquanto o time de Barcelona tentava manter a posse de bola ofensiva. As duas equipes conseguiram levar perigo, mas sempre parando na atua\u00e7\u00e3o dos goleiros.<\/p>\n<p>No segundo tempo o panorama da partida se manteve, por\u00e9m quem abriu o placar foi Eder Lima, em uma bicicleta na entrada da \u00e1rea. Apesar de balan\u00e7ar a rede, quem brilhou durante os quarenta minutos foi o goleiro Lucas Oliveira, eleito o melhor em quadra e garantindo o zero no placar.<\/p>\n<p>A fase semifinal j\u00e1 tem data para acontecer, ser\u00e1 neste s\u00e1bado, com direito a duas equipes brasileiras brigando pelo t\u00edtulo. Os sorocabanos ir\u00e3o enfrentar os donos das casa, o PTT Bluewave Chonburi, a partir das 8h. Antes, na outra semifinal, os ga\u00fachos do Carlos Barbosa duelam contra o Barcelona, \u00e0s 5h30.<\/p>\n<p><em>Informa\u00e7\u00f5es: assessoria de imprensa Magnus Futsal<\/em><br \/>\n<em>Foto: Guilherme Mansueto<\/em><\/p>\n","protected":false},"excerpt":{"rendered":"<p>O Magnus Futsal enfrentou na manh\u00e3 desta quarta-feira (29) a equipe do Barcelona e, ap\u00f3s uma partida emocionante, venceu por<\/p>\n","protected":false},"author":2,"featured_media":25161,"comment_status":"open","ping_status":"open","sticky":false,"template":"","format":"standard","meta":{"footnotes":""},"categories":[25,2651],"tags":[486,653,42,1571],"class_list":["post-25160","post","type-post","status-publish","format-standard","has-post-thumbnail","hentry","category-destaques","category-noticias","tag-campeonato-mundial","tag-competicoes","tag-fpfs","tag-magnus-futsal"],"_links":{"self":[{"href":"https:\/\/www.federacaopaulistadefutsal.com.br\/novo\/wp-json\/wp\/v2\/posts\/25160","targetHints":{"allow":["GET"]}}],"collection":[{"href":"https:\/\/www.federacaopaulistadefutsal.com.br\/novo\/wp-json\/wp\/v2\/posts"}],"about":[{"href":"https:\/\/www.federacaopaulistadefutsal.com.br\/novo\/wp-json\/wp\/v2\/types\/post"}],"author":[{"embeddable":true,"href":"https:\/\/www.federacaopaulistadefutsal.com.br\/novo\/wp-json\/wp\/v2\/users\/2"}],"replies":[{"embeddable":true,"href":"https:\/\/www.federacaopaulistadefutsal.com.br\/novo\/wp-json\/wp\/v2\/comments?post=25160"}],"version-history":[{"count":1,"href":"https:\/\/www.federacaopaulistadefutsal.com.br\/novo\/wp-json\/wp\/v2\/posts\/25160\/revisions"}],"predecessor-version":[{"id":25162,"href":"https:\/\/www.federacaopaulistadefutsal.com.br\/novo\/wp-json\/wp\/v2\/posts\/25160\/revisions\/25162"}],"wp:featuredmedia":[{"embeddable":true,"href":"https:\/\/www.federacaopaulistadefutsal.com.br\/novo\/wp-json\/wp\/v2\/media\/25161"}],"wp:attachment":[{"href":"https:\/\/www.federacaopaulistadefutsal.com.br\/novo\/wp-json\/wp\/v2\/media?parent=25160"}],"wp:term":[{"taxonomy":"category","embeddable":true,"href":"https:\/\/www.federacaopaulistadefutsal.com.br\/novo\/wp-json\/wp\/v2\/categories?post=25160"},{"taxonomy":"post_tag","embeddable":true,"href":"https:\/\/www.federacaopaulistadefutsal.com.br\/novo\/wp-json\/wp\/v2\/tags?post=25160"}],"curies":[{"name":"wp","href":"https:\/\/api.w.org\/{rel}","templated":true}]}}