{"id":25226,"date":"2018-09-03T12:09:21","date_gmt":"2018-09-03T12:09:21","guid":{"rendered":"http:\/\/www.federacaopaulistadefutsal.com.br\/novo\/?p=25226"},"modified":"2018-09-03T13:52:52","modified_gmt":"2018-09-03T13:52:52","slug":"com-direito-a-prorrogacao-time-sub-20-do-corinthians-vence-o-minas-e-e-campeao-da-taca-brasil-divisao-especial","status":"publish","type":"post","link":"https:\/\/www.federacaopaulistadefutsal.com.br\/novo\/com-direito-a-prorrogacao-time-sub-20-do-corinthians-vence-o-minas-e-e-campeao-da-taca-brasil-divisao-especial\/","title":{"rendered":"Com direito a prorroga\u00e7\u00e3o, time sub-20 do Corinthians vence o Minas e \u00e9 campe\u00e3o da Ta\u00e7a Brasil &#8211; Divis\u00e3o Especial"},"content":{"rendered":"<p>O Corinthians \u00e9 o novo campe\u00e3o da Ta\u00e7a Brasil Sub-20 &#8211; Divis\u00e3o Especial. O time alvinegro superou o Minas (MG), no \u00faltimo s\u00e1bado (1\/9), em duelo que marcou a decis\u00e3o do torneio e que contou com todos os ingredientes de uma grande disputa: empate em 2 a 2 no tempo normal e uma emocionante prorroga\u00e7\u00e3o com placar final em 5 a 2 para o Corinthians.<\/p>\n<p><strong>O jogo<\/strong><\/p>\n<p>A expectativa em torno de um grande jogo se fez por conta da campanha das duas equipes. Ambas trilharam caminhos parecidos e chegaram ao confronto decisivo invictas. Mas, a igualdade em quadra se quebrou ainda no primeiro tempo, quando o Corinthians abriu o placar com gol de Jo\u00e3o Victor.<\/p>\n<p>A rede voltaria a balan\u00e7ar apenas na segunda etapa, com mais um gol do time alvinegro: Higor aumentou a vantagem. Por\u00e9m, nem tudo estava perdido e os mineiros mostraram poder de rea\u00e7\u00e3o para buscar a igualdade e for\u00e7ar a prorroga\u00e7\u00e3o.<\/p>\n<p>No tempo extra Murilo recolocou o Corinthians na frente logo aos tr\u00eas minutos. O gol deu tranquilidade ao alvinegro, que ainda conseguiu marcar mais duas vezes para sacramentar o triunfo e colocar mais um trof\u00e9u na galeria de conquistas.<\/p>\n<p><img fetchpriority=\"high\" decoding=\"async\" class=\"wp-image-25229 aligncenter\" src=\"http:\/\/www.federacaopaulistadefutsal.com.br\/novo\/wp-content\/uploads\/2018\/09\/40516063_1805906166111816_2304167821644398592_o-1024x683.jpg\" alt=\"\" width=\"485\" height=\"324\" srcset=\"https:\/\/www.federacaopaulistadefutsal.com.br\/novo\/wp-content\/uploads\/2018\/09\/40516063_1805906166111816_2304167821644398592_o-1024x683.jpg 1024w, https:\/\/www.federacaopaulistadefutsal.com.br\/novo\/wp-content\/uploads\/2018\/09\/40516063_1805906166111816_2304167821644398592_o-300x200.jpg 300w, https:\/\/www.federacaopaulistadefutsal.com.br\/novo\/wp-content\/uploads\/2018\/09\/40516063_1805906166111816_2304167821644398592_o-768x512.jpg 768w, https:\/\/www.federacaopaulistadefutsal.com.br\/novo\/wp-content\/uploads\/2018\/09\/40516063_1805906166111816_2304167821644398592_o.jpg 1944w\" sizes=\"(max-width: 485px) 100vw, 485px\" \/><\/p>\n<p><em>Fotos:\u00a0Lana Sixel\/CBFS<\/em><\/p>\n","protected":false},"excerpt":{"rendered":"<p>O Corinthians \u00e9 o novo campe\u00e3o da Ta\u00e7a Brasil Sub-20 &#8211; Divis\u00e3o Especial. O time alvinegro superou o Minas (MG),<\/p>\n","protected":false},"author":2,"featured_media":25228,"comment_status":"open","ping_status":"open","sticky":false,"template":"","format":"standard","meta":{"footnotes":""},"categories":[2660,25,33,2651],"tags":[549,563,42,2151,2396],"class_list":["post-25226","post","type-post","status-publish","format-standard","has-post-thumbnail","hentry","category-home-destaque","category-destaques","category-menores","category-noticias","tag-categoria-sub-20","tag-cbfs","tag-fpfs","tag-s-c-corinthians","tag-taca-brasil-divisao-especial"],"_links":{"self":[{"href":"https:\/\/www.federacaopaulistadefutsal.com.br\/novo\/wp-json\/wp\/v2\/posts\/25226","targetHints":{"allow":["GET"]}}],"collection":[{"href":"https:\/\/www.federacaopaulistadefutsal.com.br\/novo\/wp-json\/wp\/v2\/posts"}],"about":[{"href":"https:\/\/www.federacaopaulistadefutsal.com.br\/novo\/wp-json\/wp\/v2\/types\/post"}],"author":[{"embeddable":true,"href":"https:\/\/www.federacaopaulistadefutsal.com.br\/novo\/wp-json\/wp\/v2\/users\/2"}],"replies":[{"embeddable":true,"href":"https:\/\/www.federacaopaulistadefutsal.com.br\/novo\/wp-json\/wp\/v2\/comments?post=25226"}],"version-history":[{"count":2,"href":"https:\/\/www.federacaopaulistadefutsal.com.br\/novo\/wp-json\/wp\/v2\/posts\/25226\/revisions"}],"predecessor-version":[{"id":25230,"href":"https:\/\/www.federacaopaulistadefutsal.com.br\/novo\/wp-json\/wp\/v2\/posts\/25226\/revisions\/25230"}],"wp:featuredmedia":[{"embeddable":true,"href":"https:\/\/www.federacaopaulistadefutsal.com.br\/novo\/wp-json\/wp\/v2\/media\/25228"}],"wp:attachment":[{"href":"https:\/\/www.federacaopaulistadefutsal.com.br\/novo\/wp-json\/wp\/v2\/media?parent=25226"}],"wp:term":[{"taxonomy":"category","embeddable":true,"href":"https:\/\/www.federacaopaulistadefutsal.com.br\/novo\/wp-json\/wp\/v2\/categories?post=25226"},{"taxonomy":"post_tag","embeddable":true,"href":"https:\/\/www.federacaopaulistadefutsal.com.br\/novo\/wp-json\/wp\/v2\/tags?post=25226"}],"curies":[{"name":"wp","href":"https:\/\/api.w.org\/{rel}","templated":true}]}}