{"id":2530,"date":"2014-11-08T00:17:40","date_gmt":"2014-11-08T00:17:40","guid":{"rendered":"http:\/\/www.federacaopaulistadefutsal.com.br\/?p=2530"},"modified":"2018-07-30T15:12:08","modified_gmt":"2018-07-30T15:12:08","slug":"cbfs-muda-de-ideia-e-selecao-pode-ir-ao-mundial-feminino","status":"publish","type":"post","link":"https:\/\/www.federacaopaulistadefutsal.com.br\/novo\/cbfs-muda-de-ideia-e-selecao-pode-ir-ao-mundial-feminino\/","title":{"rendered":"CBFS muda de ideia e Sele\u00e7\u00e3o pode ir ao Mundial Feminino"},"content":{"rendered":"<p>Nesta sexta-feira, 7, a Confedera\u00e7\u00e3o Brasileira de Futebol de Sal\u00e3o (CBFS) mudou de ideia e as jogadoras da Sele\u00e7\u00e3o Brasileira Feminina tem uma semana para apresentarem propostas de patrocinadores que possam financiar todas as despesas do pr\u00f3ximo Mundial da categoria, em dezembro, na Costa Rica.<br \/>\nAnteriormente, a CBFS havia anunciado que por falta de recursos a Sele\u00e7\u00e3o Brasileira n\u00e3o iria disputar a competi\u00e7\u00e3o.<br \/>\nA mudan\u00e7a de posi\u00e7\u00e3o aconteceu ap\u00f3s uma conversa entre o presidente da CBFS, Renan Tavares, e o comentarista de futsal do SporTV, Marcelo Rodrigues, que sugeriu adiar a decis\u00e3o definitiva sobre a participa\u00e7\u00e3o do Brasil no torneio.<br \/>\nO Brasil venceu todos os quatro mundiais da categoria feminina (2010\/11\/12\/13) e tentaria o penta neste ano. At\u00e9 o momento, confirmaram presen\u00e7a no Mundial da Costa Rica as sele\u00e7\u00f5es da Espanha, R\u00fassia, Portugal, Jap\u00e3o, Ir\u00e3, Guatemala, al\u00e9m da Costa Rica.<br \/>\nPor Assessoria FPFS<br \/>\nCom informa\u00e7\u00f5es GloboEsporte.com<\/p>\n","protected":false},"excerpt":{"rendered":"<p>Nesta sexta-feira, 7, a Confedera\u00e7\u00e3o Brasileira de Futebol de Sal\u00e3o (CBFS) mudou de ideia e as jogadoras da Sele\u00e7\u00e3o Brasileira<\/p>\n","protected":false},"author":1,"featured_media":23494,"comment_status":"open","ping_status":"open","sticky":false,"template":"","format":"standard","meta":{"footnotes":""},"categories":[1],"tags":[563,1703,2242],"class_list":["post-2530","post","type-post","status-publish","format-standard","has-post-thumbnail","hentry","category-novidades","tag-cbfs","tag-mundial-feminino","tag-selecao-brasileira-feminina"],"_links":{"self":[{"href":"https:\/\/www.federacaopaulistadefutsal.com.br\/novo\/wp-json\/wp\/v2\/posts\/2530","targetHints":{"allow":["GET"]}}],"collection":[{"href":"https:\/\/www.federacaopaulistadefutsal.com.br\/novo\/wp-json\/wp\/v2\/posts"}],"about":[{"href":"https:\/\/www.federacaopaulistadefutsal.com.br\/novo\/wp-json\/wp\/v2\/types\/post"}],"author":[{"embeddable":true,"href":"https:\/\/www.federacaopaulistadefutsal.com.br\/novo\/wp-json\/wp\/v2\/users\/1"}],"replies":[{"embeddable":true,"href":"https:\/\/www.federacaopaulistadefutsal.com.br\/novo\/wp-json\/wp\/v2\/comments?post=2530"}],"version-history":[{"count":1,"href":"https:\/\/www.federacaopaulistadefutsal.com.br\/novo\/wp-json\/wp\/v2\/posts\/2530\/revisions"}],"predecessor-version":[{"id":23504,"href":"https:\/\/www.federacaopaulistadefutsal.com.br\/novo\/wp-json\/wp\/v2\/posts\/2530\/revisions\/23504"}],"wp:featuredmedia":[{"embeddable":true,"href":"https:\/\/www.federacaopaulistadefutsal.com.br\/novo\/wp-json\/wp\/v2\/media\/23494"}],"wp:attachment":[{"href":"https:\/\/www.federacaopaulistadefutsal.com.br\/novo\/wp-json\/wp\/v2\/media?parent=2530"}],"wp:term":[{"taxonomy":"category","embeddable":true,"href":"https:\/\/www.federacaopaulistadefutsal.com.br\/novo\/wp-json\/wp\/v2\/categories?post=2530"},{"taxonomy":"post_tag","embeddable":true,"href":"https:\/\/www.federacaopaulistadefutsal.com.br\/novo\/wp-json\/wp\/v2\/tags?post=2530"}],"curies":[{"name":"wp","href":"https:\/\/api.w.org\/{rel}","templated":true}]}}