{"id":25317,"date":"2018-09-08T18:00:12","date_gmt":"2018-09-08T18:00:12","guid":{"rendered":"http:\/\/www.federacaopaulistadefutsal.com.br\/novo\/?p=25317"},"modified":"2018-09-10T19:46:38","modified_gmt":"2018-09-10T19:46:38","slug":"no-classico-do-abc-paulista-sao-caetano-f-c-e-campeao-apos-empate-contra-o-sub-10-do-santo-andre","status":"publish","type":"post","link":"https:\/\/www.federacaopaulistadefutsal.com.br\/novo\/no-classico-do-abc-paulista-sao-caetano-f-c-e-campeao-apos-empate-contra-o-sub-10-do-santo-andre\/","title":{"rendered":"No cl\u00e1ssico do ABC Paulista, S\u00e3o Caetano F.C. \u00e9 campe\u00e3o ap\u00f3s empate contra o sub-10 do Santo Andr\u00e9"},"content":{"rendered":"<p>Valendo o t\u00edtulo do Estadual A1 S\u00e9rie Bronze na categoria sub-10, S\u00e3o Caetano F.C. e A.D. Santo Andr\u00e9 fizeram o cl\u00e1ssico do ABC Paulista, no gin\u00e1sio Presidente Ciro II na manh\u00e3 deste s\u00e1bado.<\/p>\n<p>Ap\u00f3s empate em 2 a 2 no tempo normal, o S\u00e3o Caetano ficou com o t\u00edtulo da categoria por ser o mandante do jogo e ter melhor campanha que o advers\u00e1rio na competi\u00e7\u00e3o.<\/p>\n<p>Os gols dos campe\u00f5es foram anotados por: Rian Carlos e Vinicius, enquanto Renan Passos e Murillo marcaram o time andreense.<\/p>\n<p><img fetchpriority=\"high\" decoding=\"async\" class=\"wp-image-25319 aligncenter\" src=\"http:\/\/www.federacaopaulistadefutsal.com.br\/novo\/wp-content\/uploads\/2018\/09\/41445853_892632307605469_6613083638118481920_n-1024x576.jpg\" alt=\"\" width=\"606\" height=\"341\" srcset=\"https:\/\/www.federacaopaulistadefutsal.com.br\/novo\/wp-content\/uploads\/2018\/09\/41445853_892632307605469_6613083638118481920_n-1024x576.jpg 1024w, https:\/\/www.federacaopaulistadefutsal.com.br\/novo\/wp-content\/uploads\/2018\/09\/41445853_892632307605469_6613083638118481920_n-300x169.jpg 300w, https:\/\/www.federacaopaulistadefutsal.com.br\/novo\/wp-content\/uploads\/2018\/09\/41445853_892632307605469_6613083638118481920_n-768x432.jpg 768w, https:\/\/www.federacaopaulistadefutsal.com.br\/novo\/wp-content\/uploads\/2018\/09\/41445853_892632307605469_6613083638118481920_n.jpg 1280w\" sizes=\"(max-width: 606px) 100vw, 606px\" \/><\/p>\n<p>&nbsp;<\/p>\n","protected":false},"excerpt":{"rendered":"<p>Valendo o t\u00edtulo do Estadual A1 S\u00e9rie Bronze na categoria sub-10, S\u00e3o Caetano F.C. e A.D. Santo Andr\u00e9 fizeram o<\/p>\n","protected":false},"author":2,"featured_media":25318,"comment_status":"open","ping_status":"open","sticky":false,"template":"","format":"standard","meta":{"footnotes":""},"categories":[2660,25,8,2651],"tags":[976,42,2280,2337],"class_list":["post-25317","post","type-post","status-publish","format-standard","has-post-thumbnail","hentry","category-home-destaque","category-destaques","category-estadual-base-a1","category-noticias","tag-estadual-a1","tag-fpfs","tag-serie-bronze","tag-sub-10"],"_links":{"self":[{"href":"https:\/\/www.federacaopaulistadefutsal.com.br\/novo\/wp-json\/wp\/v2\/posts\/25317","targetHints":{"allow":["GET"]}}],"collection":[{"href":"https:\/\/www.federacaopaulistadefutsal.com.br\/novo\/wp-json\/wp\/v2\/posts"}],"about":[{"href":"https:\/\/www.federacaopaulistadefutsal.com.br\/novo\/wp-json\/wp\/v2\/types\/post"}],"author":[{"embeddable":true,"href":"https:\/\/www.federacaopaulistadefutsal.com.br\/novo\/wp-json\/wp\/v2\/users\/2"}],"replies":[{"embeddable":true,"href":"https:\/\/www.federacaopaulistadefutsal.com.br\/novo\/wp-json\/wp\/v2\/comments?post=25317"}],"version-history":[{"count":1,"href":"https:\/\/www.federacaopaulistadefutsal.com.br\/novo\/wp-json\/wp\/v2\/posts\/25317\/revisions"}],"predecessor-version":[{"id":25320,"href":"https:\/\/www.federacaopaulistadefutsal.com.br\/novo\/wp-json\/wp\/v2\/posts\/25317\/revisions\/25320"}],"wp:featuredmedia":[{"embeddable":true,"href":"https:\/\/www.federacaopaulistadefutsal.com.br\/novo\/wp-json\/wp\/v2\/media\/25318"}],"wp:attachment":[{"href":"https:\/\/www.federacaopaulistadefutsal.com.br\/novo\/wp-json\/wp\/v2\/media?parent=25317"}],"wp:term":[{"taxonomy":"category","embeddable":true,"href":"https:\/\/www.federacaopaulistadefutsal.com.br\/novo\/wp-json\/wp\/v2\/categories?post=25317"},{"taxonomy":"post_tag","embeddable":true,"href":"https:\/\/www.federacaopaulistadefutsal.com.br\/novo\/wp-json\/wp\/v2\/tags?post=25317"}],"curies":[{"name":"wp","href":"https:\/\/api.w.org\/{rel}","templated":true}]}}