{"id":25340,"date":"2018-09-10T15:39:54","date_gmt":"2018-09-10T15:39:54","guid":{"rendered":"http:\/\/www.federacaopaulistadefutsal.com.br\/novo\/?p=25340"},"modified":"2018-09-10T19:46:29","modified_gmt":"2018-09-10T19:46:29","slug":"brasil-e-argentina-se-enfrentam-no-desafio-das-americas","status":"publish","type":"post","link":"https:\/\/www.federacaopaulistadefutsal.com.br\/novo\/brasil-e-argentina-se-enfrentam-no-desafio-das-americas\/","title":{"rendered":"Brasil e Argentina se enfrentam no Desafio das Am\u00e9ricas"},"content":{"rendered":"<p>O m\u00eas de setembro ser\u00e1 de mais um desafio para a sele\u00e7\u00e3o brasileira. Em Porto Velho (RO) e Manaus (AM), nos dias 23 e 25 deste m\u00eas, a equipe treinada por Marquinhos Xavier entra em a\u00e7\u00e3o diante da Argentina, no Desafio das Am\u00e9ricas.<\/p>\n<p>Al\u00e9m do cl\u00e1ssico sul-americano, o confronto marca o encontro das duas \u00faltimas campe\u00e3s do Mundo. O Brasil conquistou a Copa em 2012 e a Argentina sagrou-se campe\u00e3 pela primeira vez do Mundial em 2016, na Col\u00f4mbia.<\/p>\n<p><strong>Convocados<\/strong><\/p>\n<p>O t\u00e9cnico Marquinhos Xavier j\u00e1\u00a0confirmou o chamado\u00a0dos atletas que ir\u00e3o defender a Sele\u00e7\u00e3o no confronto. Um total de 14 jogadores comp\u00f5em a lista entre nomes consagrados como Falc\u00e3o e Rodrigo, e jogadores da nova gera\u00e7\u00e3o como Leandro Lino e Bruninho &#8211; este faz sua estreia com a amarelinha.<\/p>\n<p>Vale lembrar que o Brasil conquistou em agosto o\u00a0t\u00edtulo da Liga Sul-Americana\u00a0justamente sobre a Argentina, vencendo tr\u00eas partidas (duas pelo sub-19 e uma pelo adulto) e perdendo o \u00faltimo confronto, quando j\u00e1 estava campe\u00e3o.<\/p>\n<p><em>Informa\u00e7\u00f5es: assessoria de imprensa CBFS<\/em><br \/>\n<em>Foto: Ricardo Artifon\/CBFS<\/em><\/p>\n","protected":false},"excerpt":{"rendered":"<p>O m\u00eas de setembro ser\u00e1 de mais um desafio para a sele\u00e7\u00e3o brasileira. Em Porto Velho (RO) e Manaus (AM),<\/p>\n","protected":false},"author":2,"featured_media":24999,"comment_status":"open","ping_status":"open","sticky":false,"template":"","format":"quote","meta":{"footnotes":""},"categories":[2660,25,2651,35],"tags":[42,1147,2240],"class_list":["post-25340","post","type-post","status-publish","format-quote","has-post-thumbnail","hentry","category-home-destaque","category-destaques","category-noticias","category-selecao","tag-fpfs","tag-futsal-masculino","tag-selecao-brasileira","post_format-post-format-quote"],"_links":{"self":[{"href":"https:\/\/www.federacaopaulistadefutsal.com.br\/novo\/wp-json\/wp\/v2\/posts\/25340","targetHints":{"allow":["GET"]}}],"collection":[{"href":"https:\/\/www.federacaopaulistadefutsal.com.br\/novo\/wp-json\/wp\/v2\/posts"}],"about":[{"href":"https:\/\/www.federacaopaulistadefutsal.com.br\/novo\/wp-json\/wp\/v2\/types\/post"}],"author":[{"embeddable":true,"href":"https:\/\/www.federacaopaulistadefutsal.com.br\/novo\/wp-json\/wp\/v2\/users\/2"}],"replies":[{"embeddable":true,"href":"https:\/\/www.federacaopaulistadefutsal.com.br\/novo\/wp-json\/wp\/v2\/comments?post=25340"}],"version-history":[{"count":3,"href":"https:\/\/www.federacaopaulistadefutsal.com.br\/novo\/wp-json\/wp\/v2\/posts\/25340\/revisions"}],"predecessor-version":[{"id":25344,"href":"https:\/\/www.federacaopaulistadefutsal.com.br\/novo\/wp-json\/wp\/v2\/posts\/25340\/revisions\/25344"}],"wp:featuredmedia":[{"embeddable":true,"href":"https:\/\/www.federacaopaulistadefutsal.com.br\/novo\/wp-json\/wp\/v2\/media\/24999"}],"wp:attachment":[{"href":"https:\/\/www.federacaopaulistadefutsal.com.br\/novo\/wp-json\/wp\/v2\/media?parent=25340"}],"wp:term":[{"taxonomy":"category","embeddable":true,"href":"https:\/\/www.federacaopaulistadefutsal.com.br\/novo\/wp-json\/wp\/v2\/categories?post=25340"},{"taxonomy":"post_tag","embeddable":true,"href":"https:\/\/www.federacaopaulistadefutsal.com.br\/novo\/wp-json\/wp\/v2\/tags?post=25340"}],"curies":[{"name":"wp","href":"https:\/\/api.w.org\/{rel}","templated":true}]}}