{"id":25377,"date":"2018-09-12T22:45:24","date_gmt":"2018-09-12T22:45:24","guid":{"rendered":"http:\/\/www.federacaopaulistadefutsal.com.br\/novo\/?p=25377"},"modified":"2018-09-12T22:45:24","modified_gmt":"2018-09-12T22:45:24","slug":"equipes-sub-12-entram-em-quadra-em-mais-uma-rodada-do-estadual-a2-confira-os-jogos","status":"publish","type":"post","link":"https:\/\/www.federacaopaulistadefutsal.com.br\/novo\/equipes-sub-12-entram-em-quadra-em-mais-uma-rodada-do-estadual-a2-confira-os-jogos\/","title":{"rendered":"Equipes sub-12 entram em quadra em mais uma rodada do Estadual A2; confira os jogos"},"content":{"rendered":"<p>15\/09\/18 15:45 &#8211; Gin\u00e1sio Educamais<br \/>\n<b>JAC &#8211; JACAREI ATLETICO CLUBE x\u00a0S\u00e3o Paulo F.C. &#8211; B\u00a0<\/b><\/p>\n<p>15\/09\/18 16:45 &#8211; GIN\u00c1SIO DE ESPORTES VILA APARECIDA<br \/>\n<b>A.D. Taubat\u00e9 Futsal\/AFMT\/SELT x\u00a0A.E.C. 100 Zala\u00a0<\/b><\/p>\n<p>15\/09\/18 16:45 &#8211; GIN\u00c1SIO JOS\u00c9 ELIAS DE PROEN\u00c7A<br \/>\n<b>A.E. Cap\u00e3o Bonito x\u00a0C.T.C. Vila Ema<\/b><\/p>\n<p>15\/09\/18 16:45 &#8211; GIN\u00c1SIO C\u00c9U CUMBICA<br \/>\n<b>C.A. Guarulhense x\u00a0A.D. Suzano<\/b><\/p>\n<p>15\/09\/18 16:45 &#8211; GIN\u00c1SIO GR\u00caMIO ESPORTIVO MAUAENSE<br \/>\n<b>A.E. RAPOSA DA LESTE x\u00a0Sele\u00e7\u00e3o Itapeviense de Futsal\u00a0<\/b><\/p>\n<p>15\/09\/18 16:45 &#8211; Gin\u00e1sio Jo\u00e3o Domingues de Oliveira<br \/>\n<b>Ribeir\u00e3o Pires F.C. x\u00a0Instituto Fam\u00edlia Futsal\/Sejel Lorena\u00a0<\/b><\/p>\n<p>16\/09\/18 15:45 &#8211; GIN\u00c1SIO GR\u00caMIO ESPORTIVO MAUAENSE<br \/>\n<b>A. Uni\u00e3o Mau\u00e1\/GEM\/Central Beach x\u00a0Liga Leste\/AMSPORTS\/Securit\u00e1rios<\/b><\/p>\n<p>16\/09\/18 16:45 &#8211; Gin\u00e1sio do \u00c9den<br \/>\n<b>A. Sorocabana de Futsal &#8211; B x\u00a0SEMELP Pinda\/ C.P.P.\/A.A. Ferrovi\u00e1ria\u00a0<\/b><\/p>\n<p>16\/09\/18 16:45 &#8211; GIN\u00c1SIO PROF\u00ba JOS\u00c9 LIMONGI SOBRINHO (CEMPRE)<br \/>\n<b>Inter Mogi x\u00a0E.C. Hortol\u00e2ndia Futsal\u00a0<\/b><\/p>\n","protected":false},"excerpt":{"rendered":"<p>15\/09\/18 15:45 &#8211; Gin\u00e1sio Educamais JAC &#8211; JACAREI ATLETICO CLUBE x\u00a0S\u00e3o Paulo F.C. &#8211; B\u00a0 15\/09\/18 16:45 &#8211; GIN\u00c1SIO DE<\/p>\n","protected":false},"author":2,"featured_media":24854,"comment_status":"open","ping_status":"open","sticky":false,"template":"","format":"standard","meta":{"footnotes":""},"categories":[17,2651],"tags":[477,41,42,2339],"class_list":["post-25377","post","type-post","status-publish","format-standard","has-post-thumbnail","hentry","category-estadual-base-a2","category-noticias","tag-campeonato-estadual-serie-a2","tag-categorias-menores","tag-fpfs","tag-sub-12"],"_links":{"self":[{"href":"https:\/\/www.federacaopaulistadefutsal.com.br\/novo\/wp-json\/wp\/v2\/posts\/25377","targetHints":{"allow":["GET"]}}],"collection":[{"href":"https:\/\/www.federacaopaulistadefutsal.com.br\/novo\/wp-json\/wp\/v2\/posts"}],"about":[{"href":"https:\/\/www.federacaopaulistadefutsal.com.br\/novo\/wp-json\/wp\/v2\/types\/post"}],"author":[{"embeddable":true,"href":"https:\/\/www.federacaopaulistadefutsal.com.br\/novo\/wp-json\/wp\/v2\/users\/2"}],"replies":[{"embeddable":true,"href":"https:\/\/www.federacaopaulistadefutsal.com.br\/novo\/wp-json\/wp\/v2\/comments?post=25377"}],"version-history":[{"count":2,"href":"https:\/\/www.federacaopaulistadefutsal.com.br\/novo\/wp-json\/wp\/v2\/posts\/25377\/revisions"}],"predecessor-version":[{"id":25379,"href":"https:\/\/www.federacaopaulistadefutsal.com.br\/novo\/wp-json\/wp\/v2\/posts\/25377\/revisions\/25379"}],"wp:featuredmedia":[{"embeddable":true,"href":"https:\/\/www.federacaopaulistadefutsal.com.br\/novo\/wp-json\/wp\/v2\/media\/24854"}],"wp:attachment":[{"href":"https:\/\/www.federacaopaulistadefutsal.com.br\/novo\/wp-json\/wp\/v2\/media?parent=25377"}],"wp:term":[{"taxonomy":"category","embeddable":true,"href":"https:\/\/www.federacaopaulistadefutsal.com.br\/novo\/wp-json\/wp\/v2\/categories?post=25377"},{"taxonomy":"post_tag","embeddable":true,"href":"https:\/\/www.federacaopaulistadefutsal.com.br\/novo\/wp-json\/wp\/v2\/tags?post=25377"}],"curies":[{"name":"wp","href":"https:\/\/api.w.org\/{rel}","templated":true}]}}