{"id":25450,"date":"2018-09-15T15:45:30","date_gmt":"2018-09-15T15:45:30","guid":{"rendered":"http:\/\/www.federacaopaulistadefutsal.com.br\/novo\/?p=25450"},"modified":"2018-09-15T15:45:30","modified_gmt":"2018-09-15T15:45:30","slug":"sub-8-portuguesa-vence-pelo-placar-minimo-e-fica-com-o-titulo-da-serie-prata-a1","status":"publish","type":"post","link":"https:\/\/www.federacaopaulistadefutsal.com.br\/novo\/sub-8-portuguesa-vence-pelo-placar-minimo-e-fica-com-o-titulo-da-serie-prata-a1\/","title":{"rendered":"Sub-8: Portuguesa vence pelo placar m\u00ednimo e fica com o t\u00edtulo da S\u00e9rie Prata A1"},"content":{"rendered":"<p>Na segunda final do Estadual A1 S\u00e9rie Prata, no gin\u00e1sio Presidente Ciro I, jogaram Portuguesa e Lausanne Paulista pela categoria sub-8, e quem ficou com o t\u00edtulo da categoria goram os garotos lusitanos.<\/p>\n<p>A vit\u00f3ria e o t\u00edtulo vieram com o \u00fanico gol no jogo, marcado por Samuel Cardozo ainda no primeiro tempo.<\/p>\n<p>Antes de chegar \u00e0 final, a Portuguesa havia eliminado nas quartas o S\u00e3o Caetano e, na semi, o Elite Itaquerense. J\u00e1 a\u00a0Lausanne Paulista chegou na decis\u00e3o eliminando a A. Sorocabana Futsal\/Magnus e Juventus, respectivamente.<\/p>\n<p>A pr\u00f3xima final que acontece no Presidente Ciro I ser\u00e1 entre Elite Itaquerense e A. Sorocabana Futsal\/Magnus, no sub-10.<\/p>\n<p><img fetchpriority=\"high\" decoding=\"async\" class=\"wp-image-25451 aligncenter\" src=\"http:\/\/www.federacaopaulistadefutsal.com.br\/novo\/wp-content\/uploads\/2018\/09\/41784486_1895367167439657_6287176305607704576_n-1024x683.jpg\" alt=\"\" width=\"606\" height=\"404\" srcset=\"https:\/\/www.federacaopaulistadefutsal.com.br\/novo\/wp-content\/uploads\/2018\/09\/41784486_1895367167439657_6287176305607704576_n-1024x683.jpg 1024w, https:\/\/www.federacaopaulistadefutsal.com.br\/novo\/wp-content\/uploads\/2018\/09\/41784486_1895367167439657_6287176305607704576_n-300x200.jpg 300w, https:\/\/www.federacaopaulistadefutsal.com.br\/novo\/wp-content\/uploads\/2018\/09\/41784486_1895367167439657_6287176305607704576_n-768x512.jpg 768w, https:\/\/www.federacaopaulistadefutsal.com.br\/novo\/wp-content\/uploads\/2018\/09\/41784486_1895367167439657_6287176305607704576_n.jpg 2048w\" sizes=\"(max-width: 606px) 100vw, 606px\" \/><\/p>\n<p>&nbsp;<\/p>\n","protected":false},"excerpt":{"rendered":"<p>Na segunda final do Estadual A1 S\u00e9rie Prata, no gin\u00e1sio Presidente Ciro I, jogaram Portuguesa e Lausanne Paulista pela categoria<\/p>\n","protected":false},"author":2,"featured_media":25452,"comment_status":"open","ping_status":"open","sticky":false,"template":"","format":"standard","meta":{"footnotes":""},"categories":[8,2651],"tags":[976,42,2285,2343],"class_list":["post-25450","post","type-post","status-publish","format-standard","has-post-thumbnail","hentry","category-estadual-base-a1","category-noticias","tag-estadual-a1","tag-fpfs","tag-serie-prata","tag-sub-8"],"_links":{"self":[{"href":"https:\/\/www.federacaopaulistadefutsal.com.br\/novo\/wp-json\/wp\/v2\/posts\/25450","targetHints":{"allow":["GET"]}}],"collection":[{"href":"https:\/\/www.federacaopaulistadefutsal.com.br\/novo\/wp-json\/wp\/v2\/posts"}],"about":[{"href":"https:\/\/www.federacaopaulistadefutsal.com.br\/novo\/wp-json\/wp\/v2\/types\/post"}],"author":[{"embeddable":true,"href":"https:\/\/www.federacaopaulistadefutsal.com.br\/novo\/wp-json\/wp\/v2\/users\/2"}],"replies":[{"embeddable":true,"href":"https:\/\/www.federacaopaulistadefutsal.com.br\/novo\/wp-json\/wp\/v2\/comments?post=25450"}],"version-history":[{"count":2,"href":"https:\/\/www.federacaopaulistadefutsal.com.br\/novo\/wp-json\/wp\/v2\/posts\/25450\/revisions"}],"predecessor-version":[{"id":25454,"href":"https:\/\/www.federacaopaulistadefutsal.com.br\/novo\/wp-json\/wp\/v2\/posts\/25450\/revisions\/25454"}],"wp:featuredmedia":[{"embeddable":true,"href":"https:\/\/www.federacaopaulistadefutsal.com.br\/novo\/wp-json\/wp\/v2\/media\/25452"}],"wp:attachment":[{"href":"https:\/\/www.federacaopaulistadefutsal.com.br\/novo\/wp-json\/wp\/v2\/media?parent=25450"}],"wp:term":[{"taxonomy":"category","embeddable":true,"href":"https:\/\/www.federacaopaulistadefutsal.com.br\/novo\/wp-json\/wp\/v2\/categories?post=25450"},{"taxonomy":"post_tag","embeddable":true,"href":"https:\/\/www.federacaopaulistadefutsal.com.br\/novo\/wp-json\/wp\/v2\/tags?post=25450"}],"curies":[{"name":"wp","href":"https:\/\/api.w.org\/{rel}","templated":true}]}}