{"id":25500,"date":"2018-09-17T22:00:47","date_gmt":"2018-09-17T22:00:47","guid":{"rendered":"http:\/\/www.federacaopaulistadefutsal.com.br\/novo\/?p=25500"},"modified":"2018-09-18T16:01:58","modified_gmt":"2018-09-18T16:01:58","slug":"a-gremio-vicentinoembaixadores-e-sao-caetanotexaco-empatam-em-3-a-3-no-estadual-principal","status":"publish","type":"post","link":"https:\/\/www.federacaopaulistadefutsal.com.br\/novo\/a-gremio-vicentinoembaixadores-e-sao-caetanotexaco-empatam-em-3-a-3-no-estadual-principal\/","title":{"rendered":"A. Gr\u00eamio Vicentino\/Embaixadores e S\u00e3o Caetano\/Texaco empatam em 3 a 3 no Estadual Principal"},"content":{"rendered":"<p>Ambos estreando no Estadual Principal,\u00a0A. Gr\u00eamio Vicentino\/Embaixadores e S\u00e3o Caetano\/Texaco se enfrentaram na noite do \u00faltimo s\u00e1bado (15), no gin\u00e1sio do Jabaquara, e empataram em 3 a 3.<\/p>\n<p>Victor Gualberto (2x) e Felipe anotaram para os mandantes. J\u00e1 Rene e Amauri (2x) garantiram os gols de empate para a equipe do S\u00e3o Caetano\/Texaco.<\/p>\n<p>A\u00a0A. Gr\u00eamio Vicentino\/Embaixadores entra novamente em quadra pelo Estadual Principal no pr\u00f3ximo dia 29 (s\u00e1bado), quando recebe o atual campe\u00e3o da competi\u00e7\u00e3o: AABB\/MAPFRE. Por sua vez, o S\u00e3o Caetano\/Texaco far\u00e1 o cl\u00e1ssico do ABC Paulista contra o Santo Andr\u00e9, no dia 1\u00ba de outubro (segunda-feira).<\/p>\n","protected":false},"excerpt":{"rendered":"<p>Ambos estreando no Estadual Principal,\u00a0A. Gr\u00eamio Vicentino\/Embaixadores e S\u00e3o Caetano\/Texaco se enfrentaram na noite do \u00faltimo s\u00e1bado (15), no gin\u00e1sio<\/p>\n","protected":false},"author":2,"featured_media":25517,"comment_status":"open","ping_status":"open","sticky":false,"template":"","format":"standard","meta":{"footnotes":""},"categories":[2660,25,9,32,2651],"tags":[979,42,1147],"class_list":["post-25500","post","type-post","status-publish","format-standard","has-post-thumbnail","hentry","category-home-destaque","category-destaques","category-estadual-principal","category-maiores","category-noticias","tag-estadual-divisao-principal","tag-fpfs","tag-futsal-masculino"],"_links":{"self":[{"href":"https:\/\/www.federacaopaulistadefutsal.com.br\/novo\/wp-json\/wp\/v2\/posts\/25500","targetHints":{"allow":["GET"]}}],"collection":[{"href":"https:\/\/www.federacaopaulistadefutsal.com.br\/novo\/wp-json\/wp\/v2\/posts"}],"about":[{"href":"https:\/\/www.federacaopaulistadefutsal.com.br\/novo\/wp-json\/wp\/v2\/types\/post"}],"author":[{"embeddable":true,"href":"https:\/\/www.federacaopaulistadefutsal.com.br\/novo\/wp-json\/wp\/v2\/users\/2"}],"replies":[{"embeddable":true,"href":"https:\/\/www.federacaopaulistadefutsal.com.br\/novo\/wp-json\/wp\/v2\/comments?post=25500"}],"version-history":[{"count":2,"href":"https:\/\/www.federacaopaulistadefutsal.com.br\/novo\/wp-json\/wp\/v2\/posts\/25500\/revisions"}],"predecessor-version":[{"id":25518,"href":"https:\/\/www.federacaopaulistadefutsal.com.br\/novo\/wp-json\/wp\/v2\/posts\/25500\/revisions\/25518"}],"wp:featuredmedia":[{"embeddable":true,"href":"https:\/\/www.federacaopaulistadefutsal.com.br\/novo\/wp-json\/wp\/v2\/media\/25517"}],"wp:attachment":[{"href":"https:\/\/www.federacaopaulistadefutsal.com.br\/novo\/wp-json\/wp\/v2\/media?parent=25500"}],"wp:term":[{"taxonomy":"category","embeddable":true,"href":"https:\/\/www.federacaopaulistadefutsal.com.br\/novo\/wp-json\/wp\/v2\/categories?post=25500"},{"taxonomy":"post_tag","embeddable":true,"href":"https:\/\/www.federacaopaulistadefutsal.com.br\/novo\/wp-json\/wp\/v2\/tags?post=25500"}],"curies":[{"name":"wp","href":"https:\/\/api.w.org\/{rel}","templated":true}]}}