{"id":25514,"date":"2018-09-18T16:47:17","date_gmt":"2018-09-18T16:47:17","guid":{"rendered":"http:\/\/www.federacaopaulistadefutsal.com.br\/novo\/?p=25514"},"modified":"2018-09-18T16:47:17","modified_gmt":"2018-09-18T16:47:17","slug":"sub-8-e-sub-10-do-palmeiras-avancam-as-finais-do-campeonato-estadual","status":"publish","type":"post","link":"https:\/\/www.federacaopaulistadefutsal.com.br\/novo\/sub-8-e-sub-10-do-palmeiras-avancam-as-finais-do-campeonato-estadual\/","title":{"rendered":"Sub-8 e sub-10 do Palmeiras avan\u00e7am \u00e0s finais do Campeonato Estadual"},"content":{"rendered":"<p>Os times sub-8 e sub-10 de futsal do Palmeiras est\u00e3o garantidos nas finais da S\u00e9rie Ouro do Campeonato Estadual de Inicia\u00e7\u00e3o. Em partidas disputadas neste final de semana, no gin\u00e1sio Presidente Ciro II, em S\u00e3o Paulo (SP), as equipes alviverdes passaram por ADC Mercedes Benz e AD Indaiatuba, respectivamente, e ter\u00e3o cl\u00e1ssicos pela frente em busca do t\u00edtulo da competi\u00e7\u00e3o.<\/p>\n<p>Dono da melhor campanha geral da categoria at\u00e9 aqui, o sub-10 segue sem saber o que \u00e9 perder no Estadual. Ao todo, os garotos treinados por Eduardo Mendes somam 13 vit\u00f3rias e um empate em 14 partidas disputadas, al\u00e9m de 73 gols marcados e 14 sofridos. O atleta palmeirense Frederico Moraes, com quatro tentos, \u00e9 o artilheiro do time no mata-mata.<\/p>\n<p>J\u00e1 o sub-8, apesar do rev\u00e9s para o ADC Mercedes Benz no segundo duelo da semifinal, conquistou a vaga em virtude da melhor campanha em rela\u00e7\u00e3o ao advers\u00e1rio. O time da t\u00e9cnica Fernanda Grande tamb\u00e9m \u00e9 dono de n\u00fameros expressivos no Estadual: s\u00e3o 12 vit\u00f3rias, um empate e uma derrota em 14 jogos, al\u00e9m de 83 gols marcados e 15 sofridos. Gustavo Vieira, com 20 tentos, \u00e9 o goleador do torneio.<\/p>\n<p>Conhecidos os campe\u00f5es individuais, o Estadual entra na disputa por clubes. As coloca\u00e7\u00f5es de 1\u00ba a 32\u00ba ser\u00e3o definidas atrav\u00e9s do Ranking de Efici\u00eancia (somat\u00f3ria dos pontos obtidos pelas tr\u00eas categorias de cada agremia\u00e7\u00e3o na primeira fase). Assim como em 2017, as quartas, as semis e as finais premiam o melhor desempenho coletivo. No ano passado, o Palmeiras foi vice-campe\u00e3o desta modalidade.<\/p>\n<p>Informa\u00e7\u00f5es: assessoria de imprensa Palmeiras<br \/>\nFoto: F\u00e1bio Menotti\/Ag. Palmeiras<\/p>\n","protected":false},"excerpt":{"rendered":"<p>Os times sub-8 e sub-10 de futsal do Palmeiras est\u00e3o garantidos nas finais da S\u00e9rie Ouro do Campeonato Estadual de<\/p>\n","protected":false},"author":2,"featured_media":25085,"comment_status":"open","ping_status":"open","sticky":false,"template":"","format":"standard","meta":{"footnotes":""},"categories":[8,2651],"tags":[41,42,2158,2343,2344],"class_list":["post-25514","post","type-post","status-publish","format-standard","has-post-thumbnail","hentry","category-estadual-base-a1","category-noticias","tag-categorias-menores","tag-fpfs","tag-s-e-palmeiras","tag-sub-8","tag-sub-9"],"_links":{"self":[{"href":"https:\/\/www.federacaopaulistadefutsal.com.br\/novo\/wp-json\/wp\/v2\/posts\/25514","targetHints":{"allow":["GET"]}}],"collection":[{"href":"https:\/\/www.federacaopaulistadefutsal.com.br\/novo\/wp-json\/wp\/v2\/posts"}],"about":[{"href":"https:\/\/www.federacaopaulistadefutsal.com.br\/novo\/wp-json\/wp\/v2\/types\/post"}],"author":[{"embeddable":true,"href":"https:\/\/www.federacaopaulistadefutsal.com.br\/novo\/wp-json\/wp\/v2\/users\/2"}],"replies":[{"embeddable":true,"href":"https:\/\/www.federacaopaulistadefutsal.com.br\/novo\/wp-json\/wp\/v2\/comments?post=25514"}],"version-history":[{"count":1,"href":"https:\/\/www.federacaopaulistadefutsal.com.br\/novo\/wp-json\/wp\/v2\/posts\/25514\/revisions"}],"predecessor-version":[{"id":25515,"href":"https:\/\/www.federacaopaulistadefutsal.com.br\/novo\/wp-json\/wp\/v2\/posts\/25514\/revisions\/25515"}],"wp:featuredmedia":[{"embeddable":true,"href":"https:\/\/www.federacaopaulistadefutsal.com.br\/novo\/wp-json\/wp\/v2\/media\/25085"}],"wp:attachment":[{"href":"https:\/\/www.federacaopaulistadefutsal.com.br\/novo\/wp-json\/wp\/v2\/media?parent=25514"}],"wp:term":[{"taxonomy":"category","embeddable":true,"href":"https:\/\/www.federacaopaulistadefutsal.com.br\/novo\/wp-json\/wp\/v2\/categories?post=25514"},{"taxonomy":"post_tag","embeddable":true,"href":"https:\/\/www.federacaopaulistadefutsal.com.br\/novo\/wp-json\/wp\/v2\/tags?post=25514"}],"curies":[{"name":"wp","href":"https:\/\/api.w.org\/{rel}","templated":true}]}}