{"id":25627,"date":"2018-09-25T14:35:00","date_gmt":"2018-09-25T14:35:00","guid":{"rendered":"http:\/\/www.federacaopaulistadefutsal.com.br\/novo\/?p=25627"},"modified":"2018-09-25T14:35:00","modified_gmt":"2018-09-25T14:35:00","slug":"primeira-fase-do-estadual-a1-chega-ao-fim-confira-os-resultados-das-partidas-na-categoria-sub-16","status":"publish","type":"post","link":"https:\/\/www.federacaopaulistadefutsal.com.br\/novo\/primeira-fase-do-estadual-a1-chega-ao-fim-confira-os-resultados-das-partidas-na-categoria-sub-16\/","title":{"rendered":"Primeira fase do Estadual A1 chega ao fim; confira os resultados das partidas na categoria sub-16"},"content":{"rendered":"<p>22\/09\/18 10:00 &#8211; Gin\u00e1sio Municipal Rog\u00ea Ferreira<br \/>\n<b>Pulo do Gato Futsal 2 x 4 A.D.C. S\u00e3o Bernardo<\/b><\/p>\n<p>22\/09\/18 10:00 &#8211; GIN\u00c1SIO DO JABAQUARA<br \/>\n<b>Santos F.C. 2 x 4 C. Internacional de Regatas<\/b><\/p>\n<p>22\/09\/18 11:00 &#8211; GIN\u00c1SIO JOS\u00c9 DOUGLAS ANGELA<br \/>\n<b>A.A. BOTUCATUENSE 4 x 1 FAE\/OSASCO\/AUDAX\u00a0<\/b><\/p>\n<p>22\/09\/18 14:00 &#8211; GIN\u00c1SIO ARENA SOROCABA<br \/>\n<b>A. Sorocabana Futsal\/Magnus 1 x 6 S.C. Corinthians Paulista\u00a0<\/b><\/p>\n<p>22\/09\/18 14:30 &#8211; Gin\u00e1sio A da AABB<br \/>\n<b>A.A. Banco do Brasil\u00a0 1 x 2 C.A. Tabuca Juniors\u00a0<\/b><\/p>\n<p>22\/09\/18 14:30 &#8211; Gin\u00e1sio Falc\u00e3o<br \/>\n<b>A.A.P.G.\/Ocian P.C. 1\u00a0 x 5 Barueri Futsal<\/b><\/p>\n<p>22\/09\/18 15:00 &#8211; Gin\u00e1sio Poliesportivo Jos\u00e9 de Souza Sobrinho<br \/>\n<b>C.A. Tabo\u00e3o da Serra 0 x 4 S.E. Palmeiras\u00a0<\/b><\/p>\n<p>22\/09\/18 15:00 &#8211; Gin\u00e1sio Raulz\u00e3o<br \/>\n<b>A. Portuguesa Desportos 5 x 6 S\u00e3o Caetano Futsal\u00a0<\/b><\/p>\n<p>22\/09\/18 15:30 &#8211; Gin\u00e1sio Cyro Gilberto Savoy<br \/>\n<b>Lausanne Paulista F.C. 2 x 3 S.E.R. Caieiras<\/b><\/p>\n<p>23\/09\/18 10:00 &#8211; Gin\u00e1sio T\u00eanis Clube<br \/>\n<b>S\u00e3o Jos\u00e9 Futsal 3 x 3 Mogi das Cruzes E.C.\u00a0<\/b><\/p>\n<p>23\/09\/18 15:00 &#8211; Gin\u00e1sio Dr. Antonio Leme Nunes Galv\u00e3o<br \/>\n<b>S\u00e3o Paulo F.C. 6 x 1 A.D. Santo Andr\u00e9 Futsal\u00a0<\/b><\/p>\n<p>23\/09\/18 15:00 &#8211; Gin\u00e1sio Dr. Rom\u00e3o de Souza<br \/>\n<b>Clube S\u00e3o Jo\u00e3o\/N10 1 x 3 Wimpro Menores Guarulhos<\/b><\/p>\n","protected":false},"excerpt":{"rendered":"<p>22\/09\/18 10:00 &#8211; Gin\u00e1sio Municipal Rog\u00ea Ferreira Pulo do Gato Futsal 2 x 4 A.D.C. S\u00e3o Bernardo 22\/09\/18 10:00 &#8211;<\/p>\n","protected":false},"author":2,"featured_media":25145,"comment_status":"open","ping_status":"open","sticky":false,"template":"","format":"standard","meta":{"footnotes":""},"categories":[8,2651],"tags":[41,976,42,2351],"class_list":["post-25627","post","type-post","status-publish","format-standard","has-post-thumbnail","hentry","category-estadual-base-a1","category-noticias","tag-categorias-menores","tag-estadual-a1","tag-fpfs","tag-sub-16"],"_links":{"self":[{"href":"https:\/\/www.federacaopaulistadefutsal.com.br\/novo\/wp-json\/wp\/v2\/posts\/25627","targetHints":{"allow":["GET"]}}],"collection":[{"href":"https:\/\/www.federacaopaulistadefutsal.com.br\/novo\/wp-json\/wp\/v2\/posts"}],"about":[{"href":"https:\/\/www.federacaopaulistadefutsal.com.br\/novo\/wp-json\/wp\/v2\/types\/post"}],"author":[{"embeddable":true,"href":"https:\/\/www.federacaopaulistadefutsal.com.br\/novo\/wp-json\/wp\/v2\/users\/2"}],"replies":[{"embeddable":true,"href":"https:\/\/www.federacaopaulistadefutsal.com.br\/novo\/wp-json\/wp\/v2\/comments?post=25627"}],"version-history":[{"count":1,"href":"https:\/\/www.federacaopaulistadefutsal.com.br\/novo\/wp-json\/wp\/v2\/posts\/25627\/revisions"}],"predecessor-version":[{"id":25628,"href":"https:\/\/www.federacaopaulistadefutsal.com.br\/novo\/wp-json\/wp\/v2\/posts\/25627\/revisions\/25628"}],"wp:featuredmedia":[{"embeddable":true,"href":"https:\/\/www.federacaopaulistadefutsal.com.br\/novo\/wp-json\/wp\/v2\/media\/25145"}],"wp:attachment":[{"href":"https:\/\/www.federacaopaulistadefutsal.com.br\/novo\/wp-json\/wp\/v2\/media?parent=25627"}],"wp:term":[{"taxonomy":"category","embeddable":true,"href":"https:\/\/www.federacaopaulistadefutsal.com.br\/novo\/wp-json\/wp\/v2\/categories?post=25627"},{"taxonomy":"post_tag","embeddable":true,"href":"https:\/\/www.federacaopaulistadefutsal.com.br\/novo\/wp-json\/wp\/v2\/tags?post=25627"}],"curies":[{"name":"wp","href":"https:\/\/api.w.org\/{rel}","templated":true}]}}