{"id":25695,"date":"2018-09-29T16:00:45","date_gmt":"2018-09-29T16:00:45","guid":{"rendered":"http:\/\/www.federacaopaulistadefutsal.com.br\/novo\/?p=25695"},"modified":"2018-10-01T10:44:39","modified_gmt":"2018-10-01T10:44:39","slug":"sub-8-do-santos-conquista-o-estadual-a1-serie-ouro","status":"publish","type":"post","link":"https:\/\/www.federacaopaulistadefutsal.com.br\/novo\/sub-8-do-santos-conquista-o-estadual-a1-serie-ouro\/","title":{"rendered":"Sub-8 do Santos conquista o Estadual A1 S\u00e9rie Ouro"},"content":{"rendered":"<p>Est\u00e3o acontecendo no gin\u00e1sio Presidente Ciro II, neste s\u00e1bado, \u00e0s finais do Estadual A1 S\u00e9rie Ouro nas categorias sub-8, 9 e 10.<\/p>\n<p>Seis equipes se enfrentam em busca do cobi\u00e7ado t\u00edtulo da principal competi\u00e7\u00e3o envolvendo categorias de inicia\u00e7\u00e3o do Estado de S\u00e3o Paulo.<\/p>\n<p>Os primeiros a entrarem em quadra fora os menores de Santos e Palmeiras. No jogo de ida, no \u00faltimo s\u00e1bado (22), as equipes empataram em 1 a 1. Na partida de hoje, os santistas se sobressa\u00edram e venceram por 5 a 1, ficando com o t\u00edtulo.<\/p>\n<p>Brayan (2x), Arthur (2x) e Giovanni marcaram os gols para os campe\u00f5es. Felipe Dias descontou para o alviverde, vice-campe\u00e3o do Estadual A1.<\/p>\n<p><img fetchpriority=\"high\" decoding=\"async\" class=\"wp-image-25698 aligncenter\" src=\"http:\/\/www.federacaopaulistadefutsal.com.br\/novo\/wp-content\/uploads\/2018\/09\/42716146_312716672875669_6614805602176598016_n-1024x683.jpg\" alt=\"\" width=\"543\" height=\"362\" srcset=\"https:\/\/www.federacaopaulistadefutsal.com.br\/novo\/wp-content\/uploads\/2018\/09\/42716146_312716672875669_6614805602176598016_n-1024x683.jpg 1024w, https:\/\/www.federacaopaulistadefutsal.com.br\/novo\/wp-content\/uploads\/2018\/09\/42716146_312716672875669_6614805602176598016_n-300x200.jpg 300w, https:\/\/www.federacaopaulistadefutsal.com.br\/novo\/wp-content\/uploads\/2018\/09\/42716146_312716672875669_6614805602176598016_n-768x512.jpg 768w, https:\/\/www.federacaopaulistadefutsal.com.br\/novo\/wp-content\/uploads\/2018\/09\/42716146_312716672875669_6614805602176598016_n.jpg 2048w\" sizes=\"(max-width: 543px) 100vw, 543px\" \/><\/p>\n<p>&nbsp;<\/p>\n","protected":false},"excerpt":{"rendered":"<p>Est\u00e3o acontecendo no gin\u00e1sio Presidente Ciro II, neste s\u00e1bado, \u00e0s finais do Estadual A1 S\u00e9rie Ouro nas categorias sub-8, 9<\/p>\n","protected":false},"author":2,"featured_media":25696,"comment_status":"open","ping_status":"open","sticky":false,"template":"","format":"standard","meta":{"footnotes":""},"categories":[2660,25,8,2651],"tags":[976,2184,2282,2343],"class_list":["post-25695","post","type-post","status-publish","format-standard","has-post-thumbnail","hentry","category-home-destaque","category-destaques","category-estadual-base-a1","category-noticias","tag-estadual-a1","tag-santos-f-c","tag-serie-ouro","tag-sub-8"],"_links":{"self":[{"href":"https:\/\/www.federacaopaulistadefutsal.com.br\/novo\/wp-json\/wp\/v2\/posts\/25695","targetHints":{"allow":["GET"]}}],"collection":[{"href":"https:\/\/www.federacaopaulistadefutsal.com.br\/novo\/wp-json\/wp\/v2\/posts"}],"about":[{"href":"https:\/\/www.federacaopaulistadefutsal.com.br\/novo\/wp-json\/wp\/v2\/types\/post"}],"author":[{"embeddable":true,"href":"https:\/\/www.federacaopaulistadefutsal.com.br\/novo\/wp-json\/wp\/v2\/users\/2"}],"replies":[{"embeddable":true,"href":"https:\/\/www.federacaopaulistadefutsal.com.br\/novo\/wp-json\/wp\/v2\/comments?post=25695"}],"version-history":[{"count":2,"href":"https:\/\/www.federacaopaulistadefutsal.com.br\/novo\/wp-json\/wp\/v2\/posts\/25695\/revisions"}],"predecessor-version":[{"id":25699,"href":"https:\/\/www.federacaopaulistadefutsal.com.br\/novo\/wp-json\/wp\/v2\/posts\/25695\/revisions\/25699"}],"wp:featuredmedia":[{"embeddable":true,"href":"https:\/\/www.federacaopaulistadefutsal.com.br\/novo\/wp-json\/wp\/v2\/media\/25696"}],"wp:attachment":[{"href":"https:\/\/www.federacaopaulistadefutsal.com.br\/novo\/wp-json\/wp\/v2\/media?parent=25695"}],"wp:term":[{"taxonomy":"category","embeddable":true,"href":"https:\/\/www.federacaopaulistadefutsal.com.br\/novo\/wp-json\/wp\/v2\/categories?post=25695"},{"taxonomy":"post_tag","embeddable":true,"href":"https:\/\/www.federacaopaulistadefutsal.com.br\/novo\/wp-json\/wp\/v2\/tags?post=25695"}],"curies":[{"name":"wp","href":"https:\/\/api.w.org\/{rel}","templated":true}]}}