{"id":25821,"date":"2018-10-04T21:03:51","date_gmt":"2018-10-04T21:03:51","guid":{"rendered":"http:\/\/www.federacaopaulistadefutsal.com.br\/novo\/?p=25821"},"modified":"2018-10-05T11:37:03","modified_gmt":"2018-10-05T11:37:03","slug":"corinthians-comeca-a-decisao-da-copa-do-brasil-contra-o-jec-nesta-quinta","status":"publish","type":"post","link":"https:\/\/www.federacaopaulistadefutsal.com.br\/novo\/corinthians-comeca-a-decisao-da-copa-do-brasil-contra-o-jec-nesta-quinta\/","title":{"rendered":"Corinthians come\u00e7a a decis\u00e3o da Copa do Brasil contra o JEC nesta quinta"},"content":{"rendered":"<p>O cap\u00edtulo final da Copa do Brasil de Futsal Masculino come\u00e7a a ser escrito na noite desta quinta-feira (4), em Joinville, Santa Catarina. Jec\/Krona (SC) e Corinthians (SP) entram em a\u00e7\u00e3o a partir das 19h, no Centreventos Cau Hansen.<\/p>\n<p>A expectativa por parte das equipes \u00e9 enorme, como n\u00e3o poderia deixar de ser, e a promessa \u00e9 de casa cheia.<\/p>\n<p>A press\u00e3o que ser\u00e1 exercida pela torcida advers\u00e1ria \u00e9 um fator a mais de preocupa\u00e7\u00e3o para os atletas do Corinthians. Por\u00e9m, o ala Murilo, um dos destaques do alvinegro paulista na competi\u00e7\u00e3o, afirma que o grupo est\u00e1 concentrado para encarar a atmosfera da partida.<\/p>\n<p>\u201cN\u00f3s t\u00ednhamos essa meta de chegar \u00e0 final e agora vamos em busca do t\u00edtulo, que \u00e9 de uma competi\u00e7\u00e3o nova no futsal e que o Corinthians ainda n\u00e3o conquistou. A equipe est\u00e1 muito concentrada para encarar as dificuldades deste primeiro jogo, que ter\u00e1 a atmosfera voltada para eles. Apesar do duelo se resolver somente no jogo de volta, treinamos forte e vamos em busca da vit\u00f3ria j\u00e1 nesta primeira partida\u201d, diz o ala.<\/p>\n<p>Vale lembrar que a decis\u00e3o da Copa do Brasil se d\u00e1 em confronto de ida e volta. Quem vencer nesta primeira partida ter\u00e1 a vantagem no pr\u00f3ximo encontro para ficar com a ta\u00e7a. Em caso de dois resultados iguais (dois empates ou uma vit\u00f3ria para cada lado, independentemente do placar), o jogo de volta ir\u00e1 para a prorroga\u00e7\u00e3o. Persistindo sem vencedor no tempo extra a decis\u00e3o do t\u00edtulo da Copa do Brasil 2018 ser\u00e1 nos p\u00eanaltis. O jogo de volta ser\u00e1 no Gin\u00e1sio Wlamir Marques, no dia 11 de outubro.<\/p>\n<p>Informa\u00e7\u00f5es: CBFS<br \/>\nFoto: Ag\u00eancia Corinthians<\/p>\n","protected":false},"excerpt":{"rendered":"<p>O cap\u00edtulo final da Copa do Brasil de Futsal Masculino come\u00e7a a ser escrito na noite desta quinta-feira (4), em<\/p>\n","protected":false},"author":2,"featured_media":25822,"comment_status":"open","ping_status":"open","sticky":false,"template":"","format":"standard","meta":{"footnotes":""},"categories":[2660,25,32,2651],"tags":[563,709,42,2151],"class_list":["post-25821","post","type-post","status-publish","format-standard","has-post-thumbnail","hentry","category-home-destaque","category-destaques","category-maiores","category-noticias","tag-cbfs","tag-copa-do-brasil","tag-fpfs","tag-s-c-corinthians"],"_links":{"self":[{"href":"https:\/\/www.federacaopaulistadefutsal.com.br\/novo\/wp-json\/wp\/v2\/posts\/25821","targetHints":{"allow":["GET"]}}],"collection":[{"href":"https:\/\/www.federacaopaulistadefutsal.com.br\/novo\/wp-json\/wp\/v2\/posts"}],"about":[{"href":"https:\/\/www.federacaopaulistadefutsal.com.br\/novo\/wp-json\/wp\/v2\/types\/post"}],"author":[{"embeddable":true,"href":"https:\/\/www.federacaopaulistadefutsal.com.br\/novo\/wp-json\/wp\/v2\/users\/2"}],"replies":[{"embeddable":true,"href":"https:\/\/www.federacaopaulistadefutsal.com.br\/novo\/wp-json\/wp\/v2\/comments?post=25821"}],"version-history":[{"count":2,"href":"https:\/\/www.federacaopaulistadefutsal.com.br\/novo\/wp-json\/wp\/v2\/posts\/25821\/revisions"}],"predecessor-version":[{"id":25827,"href":"https:\/\/www.federacaopaulistadefutsal.com.br\/novo\/wp-json\/wp\/v2\/posts\/25821\/revisions\/25827"}],"wp:featuredmedia":[{"embeddable":true,"href":"https:\/\/www.federacaopaulistadefutsal.com.br\/novo\/wp-json\/wp\/v2\/media\/25822"}],"wp:attachment":[{"href":"https:\/\/www.federacaopaulistadefutsal.com.br\/novo\/wp-json\/wp\/v2\/media?parent=25821"}],"wp:term":[{"taxonomy":"category","embeddable":true,"href":"https:\/\/www.federacaopaulistadefutsal.com.br\/novo\/wp-json\/wp\/v2\/categories?post=25821"},{"taxonomy":"post_tag","embeddable":true,"href":"https:\/\/www.federacaopaulistadefutsal.com.br\/novo\/wp-json\/wp\/v2\/tags?post=25821"}],"curies":[{"name":"wp","href":"https:\/\/api.w.org\/{rel}","templated":true}]}}