{"id":25942,"date":"2018-10-11T20:24:03","date_gmt":"2018-10-11T20:24:03","guid":{"rendered":"http:\/\/www.federacaopaulistadefutsal.com.br\/novo\/?p=25942"},"modified":"2018-10-11T20:24:03","modified_gmt":"2018-10-11T20:24:03","slug":"selecao-brasileira-e-convocada-para-jogos-diante-do-ira-em-jaragua-e-tubarao-confira-lista","status":"publish","type":"post","link":"https:\/\/www.federacaopaulistadefutsal.com.br\/novo\/selecao-brasileira-e-convocada-para-jogos-diante-do-ira-em-jaragua-e-tubarao-confira-lista\/","title":{"rendered":"Sele\u00e7\u00e3o Brasileira \u00e9 convocada para jogos diante do Ir\u00e3 em Jaragu\u00e1 e Tubar\u00e3o; confira lista"},"content":{"rendered":"<p>O t\u00e9cnico Marquinhos Xavier definiu os convocados que ir\u00e3o defender a sele\u00e7\u00e3o brasileira nos dois amistosos diante do\u00a0Ir\u00e3, nos dias 28 e 29 de outubro, nas cidades catarinenses de Jaragu\u00e1 do Sul e Tubar\u00e3o, respectivamente.<\/p>\n<p>A lista segue com atletas que defendem apenas equipes nacionais, dando continuidade ao trabalho de planejamento para a Copa do Mundo de 2020. Dentre as novidades, as presen\u00e7as do fixo Allan, do Atl\u00e2ntico (RS), do ala Walex, do Jaragu\u00e1, e do tamb\u00e9m ala Evandro, do Tubar\u00e3o. Al\u00e9m deles, a lista conta tamb\u00e9m com a volta do piv\u00f4 J\u00e9, destaque na temporada do Atl\u00e2ntico.<\/p>\n<p>A apresenta\u00e7\u00e3o do grupo ser\u00e1 na cidade de Jaragu\u00e1, palco do primeiro encontro, no dia 26 de outubro.<\/p>\n<p><strong>Convocados &#8211;<\/strong><\/p>\n<p>Goleiros &#8211; Gian (ACBF &#8211; RS) e Willian (Joinville &#8211; SC);<\/p>\n<p>Fixos &#8211; Allan (Atl\u00e2ntico &#8211; RS), Marlon (ACBF &#8211; RS) e Rodrigo (Magnus &#8211; SP);<\/p>\n<p>Alas &#8211; *Falc\u00e3o (Magnus &#8211; SP), Marcel (Magnus &#8211; SP), Walex (Jaragu\u00e1 &#8211; SC), Bruninho (Joinville &#8211; SC), Leandro Lino (Magnus &#8211; SP), Bruno (Joinville &#8211; SC), Leandro Caires (Joinville &#8211; SC) e **Evandro (Tubar\u00e3o &#8211; SC);<\/p>\n<p>Piv\u00f4s &#8211; J\u00e9 (Atl\u00e2ntico &#8211; RS) e Douglas (Corinthians &#8211; SP).<\/p>\n<p><em>*Falc\u00e3o ir\u00e1 apenas para o jogo de Jaragu\u00e1.<\/em><br \/>\n<em>**Evandro ir\u00e1 apenas para o jogo de Tubar\u00e3o.<\/em><\/p>\n<p><strong>Comiss\u00e3o T\u00e9cnica &#8211;<\/strong><\/p>\n<p>Reinaldo Sim\u00f5es &#8211; Supervisor<br \/>\nMarquinhos Xavier &#8211; Treinador<br \/>\nFernando Ferretti &#8211; Aux. T\u00e9cnico<br \/>\nJo\u00e3o Romano &#8211; Fisiologista<br \/>\nMauro Sandri &#8211; Preparador F\u00edsico<br \/>\nCarlos Fred &#8211; Prep. de Goleiros<br \/>\nMauro Martinelli &#8211; M\u00e9dico<br \/>\nKl\u00e9ber Barb\u00e3o &#8211; Fisioterapeuta<br \/>\nAirton Alves &#8211; Rouparia<\/p>\n<p><em>Informa\u00e7\u00f5es: assessoria de imprensa CBFS<\/em><br \/>\n<em>Foto:\u00a0Ricardo Artifon\/CBFS<\/em><\/p>\n","protected":false},"excerpt":{"rendered":"<p>O t\u00e9cnico Marquinhos Xavier definiu os convocados que ir\u00e3o defender a sele\u00e7\u00e3o brasileira nos dois amistosos diante do\u00a0Ir\u00e3, nos dias<\/p>\n","protected":false},"author":2,"featured_media":25943,"comment_status":"open","ping_status":"open","sticky":false,"template":"","format":"standard","meta":{"footnotes":""},"categories":[2651,35],"tags":[563,42,1147,2240],"class_list":["post-25942","post","type-post","status-publish","format-standard","has-post-thumbnail","hentry","category-noticias","category-selecao","tag-cbfs","tag-fpfs","tag-futsal-masculino","tag-selecao-brasileira"],"_links":{"self":[{"href":"https:\/\/www.federacaopaulistadefutsal.com.br\/novo\/wp-json\/wp\/v2\/posts\/25942","targetHints":{"allow":["GET"]}}],"collection":[{"href":"https:\/\/www.federacaopaulistadefutsal.com.br\/novo\/wp-json\/wp\/v2\/posts"}],"about":[{"href":"https:\/\/www.federacaopaulistadefutsal.com.br\/novo\/wp-json\/wp\/v2\/types\/post"}],"author":[{"embeddable":true,"href":"https:\/\/www.federacaopaulistadefutsal.com.br\/novo\/wp-json\/wp\/v2\/users\/2"}],"replies":[{"embeddable":true,"href":"https:\/\/www.federacaopaulistadefutsal.com.br\/novo\/wp-json\/wp\/v2\/comments?post=25942"}],"version-history":[{"count":2,"href":"https:\/\/www.federacaopaulistadefutsal.com.br\/novo\/wp-json\/wp\/v2\/posts\/25942\/revisions"}],"predecessor-version":[{"id":25956,"href":"https:\/\/www.federacaopaulistadefutsal.com.br\/novo\/wp-json\/wp\/v2\/posts\/25942\/revisions\/25956"}],"wp:featuredmedia":[{"embeddable":true,"href":"https:\/\/www.federacaopaulistadefutsal.com.br\/novo\/wp-json\/wp\/v2\/media\/25943"}],"wp:attachment":[{"href":"https:\/\/www.federacaopaulistadefutsal.com.br\/novo\/wp-json\/wp\/v2\/media?parent=25942"}],"wp:term":[{"taxonomy":"category","embeddable":true,"href":"https:\/\/www.federacaopaulistadefutsal.com.br\/novo\/wp-json\/wp\/v2\/categories?post=25942"},{"taxonomy":"post_tag","embeddable":true,"href":"https:\/\/www.federacaopaulistadefutsal.com.br\/novo\/wp-json\/wp\/v2\/tags?post=25942"}],"curies":[{"name":"wp","href":"https:\/\/api.w.org\/{rel}","templated":true}]}}