{"id":26466,"date":"2018-11-09T22:24:43","date_gmt":"2018-11-09T22:24:43","guid":{"rendered":"http:\/\/www.federacaopaulistadefutsal.com.br\/novo\/?p=26466"},"modified":"2018-11-09T22:24:43","modified_gmt":"2018-11-09T22:24:43","slug":"brasil-leva-a-melhor-em-classico-diante-da-argentina-e-fecha-classificacao-no-sub-20-com-100","status":"publish","type":"post","link":"https:\/\/www.federacaopaulistadefutsal.com.br\/novo\/brasil-leva-a-melhor-em-classico-diante-da-argentina-e-fecha-classificacao-no-sub-20-com-100\/","title":{"rendered":"Brasil leva a melhor em cl\u00e1ssico diante da Argentina e fecha classifica\u00e7\u00e3o no Sub-20 com 100%"},"content":{"rendered":"<p>Com 100% de aproveitamento. Foi assim que a sele\u00e7\u00e3o brasileira fechou a participa\u00e7\u00e3o na fase de grupos do Sul-Americano Sub-20.<\/p>\n<p>Na quinta-feira (8), o Brasil encarou a Argentina e fechou com chave de ouro a classifica\u00e7\u00e3o para as semifinais, com uma vit\u00f3ria por 5 a 2 sobre os hermanos.<\/p>\n<p>Giovanny (2x), Leonardo e Alisson (2x) marcaram os gols da Sele\u00e7\u00e3o. Rosa e Altamirano descontaram para os argentinos.<\/p>\n<p>Com o resultado, a Sele\u00e7\u00e3o termina a fase de classifica\u00e7\u00e3o em primeiro do Grupo A, enquanto a Argentina se classifica com a segunda melhor campanha.<\/p>\n<p>Informa\u00e7\u00f5es: CBFS<br \/>\nFoto: FPF<\/p>\n","protected":false},"excerpt":{"rendered":"<p>Com 100% de aproveitamento. Foi assim que a sele\u00e7\u00e3o brasileira fechou a participa\u00e7\u00e3o na fase de grupos do Sul-Americano Sub-20.<\/p>\n","protected":false},"author":2,"featured_media":26467,"comment_status":"open","ping_status":"open","sticky":false,"template":"","format":"standard","meta":{"footnotes":""},"categories":[33,2651,35],"tags":[563,42,2240,2363],"class_list":["post-26466","post","type-post","status-publish","format-standard","has-post-thumbnail","hentry","category-menores","category-noticias","category-selecao","tag-cbfs","tag-fpfs","tag-selecao-brasileira","tag-sul-americano-sub-20"],"_links":{"self":[{"href":"https:\/\/www.federacaopaulistadefutsal.com.br\/novo\/wp-json\/wp\/v2\/posts\/26466","targetHints":{"allow":["GET"]}}],"collection":[{"href":"https:\/\/www.federacaopaulistadefutsal.com.br\/novo\/wp-json\/wp\/v2\/posts"}],"about":[{"href":"https:\/\/www.federacaopaulistadefutsal.com.br\/novo\/wp-json\/wp\/v2\/types\/post"}],"author":[{"embeddable":true,"href":"https:\/\/www.federacaopaulistadefutsal.com.br\/novo\/wp-json\/wp\/v2\/users\/2"}],"replies":[{"embeddable":true,"href":"https:\/\/www.federacaopaulistadefutsal.com.br\/novo\/wp-json\/wp\/v2\/comments?post=26466"}],"version-history":[{"count":2,"href":"https:\/\/www.federacaopaulistadefutsal.com.br\/novo\/wp-json\/wp\/v2\/posts\/26466\/revisions"}],"predecessor-version":[{"id":26469,"href":"https:\/\/www.federacaopaulistadefutsal.com.br\/novo\/wp-json\/wp\/v2\/posts\/26466\/revisions\/26469"}],"wp:featuredmedia":[{"embeddable":true,"href":"https:\/\/www.federacaopaulistadefutsal.com.br\/novo\/wp-json\/wp\/v2\/media\/26467"}],"wp:attachment":[{"href":"https:\/\/www.federacaopaulistadefutsal.com.br\/novo\/wp-json\/wp\/v2\/media?parent=26466"}],"wp:term":[{"taxonomy":"category","embeddable":true,"href":"https:\/\/www.federacaopaulistadefutsal.com.br\/novo\/wp-json\/wp\/v2\/categories?post=26466"},{"taxonomy":"post_tag","embeddable":true,"href":"https:\/\/www.federacaopaulistadefutsal.com.br\/novo\/wp-json\/wp\/v2\/tags?post=26466"}],"curies":[{"name":"wp","href":"https:\/\/api.w.org\/{rel}","templated":true}]}}