{"id":26474,"date":"2018-11-10T20:38:40","date_gmt":"2018-11-10T20:38:40","guid":{"rendered":"http:\/\/www.federacaopaulistadefutsal.com.br\/novo\/?p=26474"},"modified":"2018-11-12T11:25:30","modified_gmt":"2018-11-12T11:25:30","slug":"liga-taubateana-de-futebol-de-salao-fica-com-o-titulo-do-trofeu-piratininga-na-categoria-sub-17","status":"publish","type":"post","link":"https:\/\/www.federacaopaulistadefutsal.com.br\/novo\/liga-taubateana-de-futebol-de-salao-fica-com-o-titulo-do-trofeu-piratininga-na-categoria-sub-17\/","title":{"rendered":"Liga Taubateana de Futebol de Sal\u00e3o fica com o t\u00edtulo do Trof\u00e9u Piratininga na categoria sub-17"},"content":{"rendered":"<p>Ap\u00f3s ficar com o vice-campeonato na decis\u00e3o do Trof\u00e9u Piratininga na categoria sub-15, a Liga Taubateana de Futebol de Sal\u00e3o levou a melhor na categoria sub-17, e venceu a Liga Regional de Futebol de Sal\u00e3o do Litoral por 3 a 0, ficando com o t\u00edtulo da competi\u00e7\u00e3o.<\/p>\n<p>O confronto, assim como na categoria abaixo, ocorreu no gin\u00e1sio Presidente Ciro I, com presen\u00e7a do presidente da FPFS, Nilton Cifuentes Rom\u00e3o.<\/p>\n<p>A camisa oito Gabriela, e Maria (2x), camisa 11, marcaram para as campe\u00e3s.<\/p>\n<figure id=\"attachment_26477\" aria-describedby=\"caption-attachment-26477\" style=\"width: 597px\" class=\"wp-caption alignnone\"><img fetchpriority=\"high\" decoding=\"async\" class=\"wp-image-26477\" src=\"http:\/\/www.federacaopaulistadefutsal.com.br\/novo\/wp-content\/uploads\/2018\/11\/45795681_2187493494839411_2789473863094763520_n-1024x576.jpg\" alt=\"\" width=\"597\" height=\"336\" srcset=\"https:\/\/www.federacaopaulistadefutsal.com.br\/novo\/wp-content\/uploads\/2018\/11\/45795681_2187493494839411_2789473863094763520_n-1024x576.jpg 1024w, https:\/\/www.federacaopaulistadefutsal.com.br\/novo\/wp-content\/uploads\/2018\/11\/45795681_2187493494839411_2789473863094763520_n-300x169.jpg 300w, https:\/\/www.federacaopaulistadefutsal.com.br\/novo\/wp-content\/uploads\/2018\/11\/45795681_2187493494839411_2789473863094763520_n-768x432.jpg 768w, https:\/\/www.federacaopaulistadefutsal.com.br\/novo\/wp-content\/uploads\/2018\/11\/45795681_2187493494839411_2789473863094763520_n.jpg 1032w\" sizes=\"(max-width: 597px) 100vw, 597px\" \/><figcaption id=\"caption-attachment-26477\" class=\"wp-caption-text\">Ap\u00f3s t\u00edtulo no sub-15, Liga Regional de Futebol de Sal\u00e3o do Litoral fica com o vice- no sub-17.<\/figcaption><\/figure>\n<p>&nbsp;<\/p>\n","protected":false},"excerpt":{"rendered":"<p>Ap\u00f3s ficar com o vice-campeonato na decis\u00e3o do Trof\u00e9u Piratininga na categoria sub-15, a Liga Taubateana de Futebol de Sal\u00e3o<\/p>\n","protected":false},"author":2,"featured_media":26476,"comment_status":"open","ping_status":"open","sticky":false,"template":"","format":"standard","meta":{"footnotes":""},"categories":[2660,26,2651,40],"tags":[1046,42,2340,2501],"class_list":["post-26474","post","type-post","status-publish","format-standard","has-post-thumbnail","hentry","category-home-destaque","category-feminino","category-noticias","category-trofeu-piratininga","tag-feminino","tag-fpfs","tag-sub-17","tag-trofeu-piratininga"],"_links":{"self":[{"href":"https:\/\/www.federacaopaulistadefutsal.com.br\/novo\/wp-json\/wp\/v2\/posts\/26474","targetHints":{"allow":["GET"]}}],"collection":[{"href":"https:\/\/www.federacaopaulistadefutsal.com.br\/novo\/wp-json\/wp\/v2\/posts"}],"about":[{"href":"https:\/\/www.federacaopaulistadefutsal.com.br\/novo\/wp-json\/wp\/v2\/types\/post"}],"author":[{"embeddable":true,"href":"https:\/\/www.federacaopaulistadefutsal.com.br\/novo\/wp-json\/wp\/v2\/users\/2"}],"replies":[{"embeddable":true,"href":"https:\/\/www.federacaopaulistadefutsal.com.br\/novo\/wp-json\/wp\/v2\/comments?post=26474"}],"version-history":[{"count":1,"href":"https:\/\/www.federacaopaulistadefutsal.com.br\/novo\/wp-json\/wp\/v2\/posts\/26474\/revisions"}],"predecessor-version":[{"id":26480,"href":"https:\/\/www.federacaopaulistadefutsal.com.br\/novo\/wp-json\/wp\/v2\/posts\/26474\/revisions\/26480"}],"wp:featuredmedia":[{"embeddable":true,"href":"https:\/\/www.federacaopaulistadefutsal.com.br\/novo\/wp-json\/wp\/v2\/media\/26476"}],"wp:attachment":[{"href":"https:\/\/www.federacaopaulistadefutsal.com.br\/novo\/wp-json\/wp\/v2\/media?parent=26474"}],"wp:term":[{"taxonomy":"category","embeddable":true,"href":"https:\/\/www.federacaopaulistadefutsal.com.br\/novo\/wp-json\/wp\/v2\/categories?post=26474"},{"taxonomy":"post_tag","embeddable":true,"href":"https:\/\/www.federacaopaulistadefutsal.com.br\/novo\/wp-json\/wp\/v2\/tags?post=26474"}],"curies":[{"name":"wp","href":"https:\/\/api.w.org\/{rel}","templated":true}]}}