{"id":26485,"date":"2018-11-12T15:28:54","date_gmt":"2018-11-12T15:28:54","guid":{"rendered":"http:\/\/www.federacaopaulistadefutsal.com.br\/novo\/?p=26485"},"modified":"2018-11-13T18:56:07","modified_gmt":"2018-11-13T18:56:07","slug":"semifinal-estadual-a1-serie-prata-c-internacional-de-regatas-e-eliminado-no-sub-14-mas-avanca-a-final-no-sub-14","status":"publish","type":"post","link":"https:\/\/www.federacaopaulistadefutsal.com.br\/novo\/semifinal-estadual-a1-serie-prata-c-internacional-de-regatas-e-eliminado-no-sub-14-mas-avanca-a-final-no-sub-14\/","title":{"rendered":"Semifinal Estadual A1 S\u00e9rie Prata: C. Internacional de Regatas \u00e9 eliminado no sub-14, mas avan\u00e7a \u00e0 final no sub-12"},"content":{"rendered":"<p>O C. Internacional de Regatas entrou em quadra no domingo (11), no gin\u00e1sio Presidente Ciro I, em duas categorias para as disputas das semifinais do Estadual A1 S\u00e9rie Prata. Na categoria sub-12, vit\u00f3ria e classifica\u00e7\u00e3o para a grande final. J\u00e1 no sub-14, a equipe foi derrotada e acabou sendo eliminada.<\/p>\n<p>Sub-12<\/p>\n<p>11\/11\/18 16:30 &#8211; Gin\u00e1sio Presidente Ciro 1<br \/>\n<strong>Barueri Futsal 1 x 4\u00a0<\/strong><b>C. Internacional de Regatas<\/b><\/p>\n<p>Sub-14<\/p>\n<p>11\/11\/18 15:15 &#8211; Gin\u00e1sio Presidente Ciro I<br \/>\n<b>C.E. Penha 4 x\u00a0\u00a0C. Internacional de Regatas<\/b><\/p>\n<p>&nbsp;<\/p>\n","protected":false},"excerpt":{"rendered":"<p>O C. Internacional de Regatas entrou em quadra no domingo (11), no gin\u00e1sio Presidente Ciro I, em duas categorias para<\/p>\n","protected":false},"author":2,"featured_media":26486,"comment_status":"open","ping_status":"open","sticky":false,"template":"","format":"standard","meta":{"footnotes":""},"categories":[2660,8,2651],"tags":[976,42,2264,2285],"class_list":["post-26485","post","type-post","status-publish","format-standard","has-post-thumbnail","hentry","category-home-destaque","category-estadual-base-a1","category-noticias","tag-estadual-a1","tag-fpfs","tag-semifinal","tag-serie-prata"],"_links":{"self":[{"href":"https:\/\/www.federacaopaulistadefutsal.com.br\/novo\/wp-json\/wp\/v2\/posts\/26485","targetHints":{"allow":["GET"]}}],"collection":[{"href":"https:\/\/www.federacaopaulistadefutsal.com.br\/novo\/wp-json\/wp\/v2\/posts"}],"about":[{"href":"https:\/\/www.federacaopaulistadefutsal.com.br\/novo\/wp-json\/wp\/v2\/types\/post"}],"author":[{"embeddable":true,"href":"https:\/\/www.federacaopaulistadefutsal.com.br\/novo\/wp-json\/wp\/v2\/users\/2"}],"replies":[{"embeddable":true,"href":"https:\/\/www.federacaopaulistadefutsal.com.br\/novo\/wp-json\/wp\/v2\/comments?post=26485"}],"version-history":[{"count":3,"href":"https:\/\/www.federacaopaulistadefutsal.com.br\/novo\/wp-json\/wp\/v2\/posts\/26485\/revisions"}],"predecessor-version":[{"id":26492,"href":"https:\/\/www.federacaopaulistadefutsal.com.br\/novo\/wp-json\/wp\/v2\/posts\/26485\/revisions\/26492"}],"wp:featuredmedia":[{"embeddable":true,"href":"https:\/\/www.federacaopaulistadefutsal.com.br\/novo\/wp-json\/wp\/v2\/media\/26486"}],"wp:attachment":[{"href":"https:\/\/www.federacaopaulistadefutsal.com.br\/novo\/wp-json\/wp\/v2\/media?parent=26485"}],"wp:term":[{"taxonomy":"category","embeddable":true,"href":"https:\/\/www.federacaopaulistadefutsal.com.br\/novo\/wp-json\/wp\/v2\/categories?post=26485"},{"taxonomy":"post_tag","embeddable":true,"href":"https:\/\/www.federacaopaulistadefutsal.com.br\/novo\/wp-json\/wp\/v2\/tags?post=26485"}],"curies":[{"name":"wp","href":"https:\/\/api.w.org\/{rel}","templated":true}]}}