{"id":26500,"date":"2018-11-13T11:14:14","date_gmt":"2018-11-13T11:14:14","guid":{"rendered":"http:\/\/www.federacaopaulistadefutsal.com.br\/novo\/?p=26500"},"modified":"2018-11-13T11:14:14","modified_gmt":"2018-11-13T11:14:14","slug":"a-e-incriveis-realiza-peneiras-em-quatro-categorias-visando-a-temporada-2019","status":"publish","type":"post","link":"https:\/\/www.federacaopaulistadefutsal.com.br\/novo\/a-e-incriveis-realiza-peneiras-em-quatro-categorias-visando-a-temporada-2019\/","title":{"rendered":"A.E. Incr\u00edveis realiza peneiras em quatro categorias visando a temporada 2019"},"content":{"rendered":"<p>A A.E. Incr\u00edveis realizar\u00e1 do dia 22 de novembro a 15 de dezembro peneiras nas categorias sub-12, 14, 16 e 18 visando \u00e0 pr\u00f3xima temporada da equipe na S\u00e9rie A2.<\/p>\n<p>Aos interessados nascidos em 2001, 2002, 2003, 2004, 2005 2006, 2007 e 2008, o local dos testes ser\u00e1 na Rua Julio Macedo, 148, Jardim Santa Maria, pr\u00f3ximo ao shopping Aricanduva.<\/p>\n<p>Para mais informa\u00e7\u00f5es, entrar em contato com o coordenador da A.E. Incr\u00edveis.<\/p>\n<p>Contato: Danilo<br \/>\nTelefone: 11 97778-8336<\/p>\n<p>&nbsp;<\/p>\n","protected":false},"excerpt":{"rendered":"<p>A A.E. Incr\u00edveis realizar\u00e1 do dia 22 de novembro a 15 de dezembro peneiras nas categorias sub-12, 14, 16 e<\/p>\n","protected":false},"author":2,"featured_media":23943,"comment_status":"open","ping_status":"open","sticky":false,"template":"","format":"standard","meta":{"footnotes":""},"categories":[33,2651],"tags":[2670,41,42,2277],"class_list":["post-26500","post","type-post","status-publish","format-standard","has-post-thumbnail","hentry","category-menores","category-noticias","tag-a-e-incriveis","tag-categorias-menores","tag-fpfs","tag-serie-a2"],"_links":{"self":[{"href":"https:\/\/www.federacaopaulistadefutsal.com.br\/novo\/wp-json\/wp\/v2\/posts\/26500","targetHints":{"allow":["GET"]}}],"collection":[{"href":"https:\/\/www.federacaopaulistadefutsal.com.br\/novo\/wp-json\/wp\/v2\/posts"}],"about":[{"href":"https:\/\/www.federacaopaulistadefutsal.com.br\/novo\/wp-json\/wp\/v2\/types\/post"}],"author":[{"embeddable":true,"href":"https:\/\/www.federacaopaulistadefutsal.com.br\/novo\/wp-json\/wp\/v2\/users\/2"}],"replies":[{"embeddable":true,"href":"https:\/\/www.federacaopaulistadefutsal.com.br\/novo\/wp-json\/wp\/v2\/comments?post=26500"}],"version-history":[{"count":1,"href":"https:\/\/www.federacaopaulistadefutsal.com.br\/novo\/wp-json\/wp\/v2\/posts\/26500\/revisions"}],"predecessor-version":[{"id":26501,"href":"https:\/\/www.federacaopaulistadefutsal.com.br\/novo\/wp-json\/wp\/v2\/posts\/26500\/revisions\/26501"}],"wp:featuredmedia":[{"embeddable":true,"href":"https:\/\/www.federacaopaulistadefutsal.com.br\/novo\/wp-json\/wp\/v2\/media\/23943"}],"wp:attachment":[{"href":"https:\/\/www.federacaopaulistadefutsal.com.br\/novo\/wp-json\/wp\/v2\/media?parent=26500"}],"wp:term":[{"taxonomy":"category","embeddable":true,"href":"https:\/\/www.federacaopaulistadefutsal.com.br\/novo\/wp-json\/wp\/v2\/categories?post=26500"},{"taxonomy":"post_tag","embeddable":true,"href":"https:\/\/www.federacaopaulistadefutsal.com.br\/novo\/wp-json\/wp\/v2\/tags?post=26500"}],"curies":[{"name":"wp","href":"https:\/\/api.w.org\/{rel}","templated":true}]}}