{"id":26553,"date":"2018-11-16T17:45:15","date_gmt":"2018-11-16T17:45:15","guid":{"rendered":"http:\/\/www.federacaopaulistadefutsal.com.br\/novo\/?p=26553"},"modified":"2018-11-16T22:41:32","modified_gmt":"2018-11-16T22:41:32","slug":"onde-tudo-comecou-um-dos-melhores-da-modalidade","status":"publish","type":"post","link":"https:\/\/www.federacaopaulistadefutsal.com.br\/novo\/onde-tudo-comecou-um-dos-melhores-da-modalidade\/","title":{"rendered":"&#8220;Onde tudo come\u00e7ou&#8221;: Um dos melhores da modalidade"},"content":{"rendered":"<p>No &#8220;Onde tudo come\u00e7ou&#8221; desta sexta-feira, ser\u00e1 a vez de contar um pouco mais da hist\u00f3ria de Arnaldo, mais conhecido como Feiti\u00e7o, um dos grandes nomes da hist\u00f3ria do futebol de sal\u00e3o.<\/p>\n<p>Feiti\u00e7o come\u00e7ou a sua carreira no Esporte Clube Banespa aos 13 anos atrav\u00e9s dos atletas Guto (Luiz Augusto) e Jos\u00e9 Carlos (Poror\u00f3). Ambos jogavam pelo E.C. Banespa e eram respons\u00e1veis pelo categoria Juvenil. Antes de iniciar no tradicional clube de S\u00e3o Paulo, o ex-jogador atuava em quadras do bairro onde morava com amigos de inf\u00e2ncia.<\/p>\n<p>Pelo Banespa, foi Campe\u00e3o Paulista Infantil em 1962 e 63;\u00a0Campe\u00e3o Intermunicipal Infantil, tamb\u00e9m em 63;\u00a0Campe\u00e3o Paulista Juvenil em 65 (invicto nenhum ponto perdido), e Campe\u00e3o Estadual Juvenil 1965 (Invicto).<\/p>\n<figure id=\"attachment_26556\" aria-describedby=\"caption-attachment-26556\" style=\"width: 513px\" class=\"wp-caption aligncenter\"><img fetchpriority=\"high\" decoding=\"async\" class=\" wp-image-26556\" src=\"http:\/\/www.federacaopaulistadefutsal.com.br\/novo\/wp-content\/uploads\/2018\/11\/46339373_555975968159040_8667566134465134592_n.jpg\" alt=\"\" width=\"513\" height=\"373\" srcset=\"https:\/\/www.federacaopaulistadefutsal.com.br\/novo\/wp-content\/uploads\/2018\/11\/46339373_555975968159040_8667566134465134592_n.jpg 960w, https:\/\/www.federacaopaulistadefutsal.com.br\/novo\/wp-content\/uploads\/2018\/11\/46339373_555975968159040_8667566134465134592_n-300x218.jpg 300w, https:\/\/www.federacaopaulistadefutsal.com.br\/novo\/wp-content\/uploads\/2018\/11\/46339373_555975968159040_8667566134465134592_n-768x558.jpg 768w\" sizes=\"(max-width: 513px) 100vw, 513px\" \/><figcaption id=\"caption-attachment-26556\" class=\"wp-caption-text\">Feiti\u00e7o tamb\u00e9m fez a sua categoria de base no Palmeiras.<\/figcaption><\/figure>\n<p>Feiti\u00e7o tamb\u00e9m passou pelo Palmeiras, sendo Campe\u00e3o Paulista Juvenil\u00a0 em 1966, Campe\u00e3o Paulista Principal em 68, 69, 70, 72, 74. 75 e 77;\u00a0 Campe\u00e3o Estadual Principal em 68, 69, 70, 74 e 76; Campe\u00e3o Brasileiro Interclubes\u00a0 nos anos de 1969 e 1970; Campe\u00e3o Sul-Americano Principal\u00a0 em 1970 defendendo a sele\u00e7\u00e3o paulista e, Campe\u00e3o Brasileiro em 71, tamb\u00e9m\u00a0 com a sele\u00e7\u00e3o paulista. Feiti\u00e7o tamb\u00e9m foi Campe\u00e3o Sul-Americano de Clubes em 72. Com o Brasil, foi levantou o caneco do Campeonato Sul-Americano em 72.<\/p>\n<p><img decoding=\"async\" class=\"wp-image-26555 aligncenter\" src=\"http:\/\/www.federacaopaulistadefutsal.com.br\/novo\/wp-content\/uploads\/2018\/11\/46480328_291263091496826_8670393193608511488_n.jpg\" alt=\"\" width=\"516\" height=\"481\" srcset=\"https:\/\/www.federacaopaulistadefutsal.com.br\/novo\/wp-content\/uploads\/2018\/11\/46480328_291263091496826_8670393193608511488_n.jpg 675w, https:\/\/www.federacaopaulistadefutsal.com.br\/novo\/wp-content\/uploads\/2018\/11\/46480328_291263091496826_8670393193608511488_n-300x280.jpg 300w\" sizes=\"(max-width: 516px) 100vw, 516px\" \/><\/p>\n<p>Ap\u00f3s diversas conquistas no profissional, Feiti\u00e7o ainda atou pelo veteranos no Bilac, Circulo Militar e encerrou a sua carreira no Banespa, clube que o revelou.<\/p>\n<p>Segundo Feiti\u00e7o, os jogadores em que ele se inspirou foram: Pinga Fogo e Serginho Carioca. Feiti\u00e7o atualmente tem 70 anos, completados no \u00faltimo m\u00eas de setembro, e \u00e9 dono de uma auto-escola.<\/p>\n<p>Em visita a sede da FPFS nas \u00faltimas semanas para relembrar os tempos \u00e1ureos da modalidade, Feiti\u00e7o se reuniu com o atual presidente da entidade, Nilton Cifuentes Rom\u00e3o. Para o presidente, o ex-atleta foi um dos que mais se destacavam na \u00e9poca. &#8220;Um dos melhores da nossa modalidade. A primeira camisa com a qual joguei foi a de n\u00ba 3 no Palmeiras. Segu\u00edamos a numera\u00e7\u00e3o da equipe principal e a tr\u00eas pertencia ao Feiti\u00e7o. Foi um enorme prazer receb\u00ea-lo&#8221;, afirma.<\/p>\n<p>&nbsp;<\/p>\n<div id='gallery-1' class='gallery galleryid-26553 gallery-columns-3 gallery-size-colormag-featured-image'><figure class='gallery-item'>\n\t\t\t<div class='gallery-icon portrait'>\n\t\t\t\t<a href='https:\/\/www.federacaopaulistadefutsal.com.br\/novo\/onde-tudo-comecou-um-dos-melhores-da-modalidade\/feitico-banespa\/'><img decoding=\"async\" width=\"709\" height=\"445\" src=\"https:\/\/www.federacaopaulistadefutsal.com.br\/novo\/wp-content\/uploads\/2018\/11\/FEITI\u00c7O-BANESPA-709x445.png\" class=\"attachment-colormag-featured-image size-colormag-featured-image\" alt=\"\" \/><\/a>\n\t\t\t<\/div><\/figure><figure class='gallery-item'>\n\t\t\t<div class='gallery-icon portrait'>\n\t\t\t\t<a href='https:\/\/www.federacaopaulistadefutsal.com.br\/novo\/onde-tudo-comecou-um-dos-melhores-da-modalidade\/feitico-fazendo-juramento-palmeiras-1976\/'><img loading=\"lazy\" decoding=\"async\" width=\"800\" height=\"445\" src=\"https:\/\/www.federacaopaulistadefutsal.com.br\/novo\/wp-content\/uploads\/2018\/11\/FEITI\u00c7O-FAZENDO-JURAMENTO-PALMEIRAS-1976-800x445.png\" class=\"attachment-colormag-featured-image size-colormag-featured-image\" alt=\"\" \/><\/a>\n\t\t\t<\/div><\/figure><figure class='gallery-item'>\n\t\t\t<div class='gallery-icon landscape'>\n\t\t\t\t<a href='https:\/\/www.federacaopaulistadefutsal.com.br\/novo\/onde-tudo-comecou-um-dos-melhores-da-modalidade\/feitico-lado-esquerdo-fundo-segundo-homem-taca-1a-taca-brasil-de-f-s-1968\/'><img loading=\"lazy\" decoding=\"async\" width=\"800\" height=\"445\" src=\"https:\/\/www.federacaopaulistadefutsal.com.br\/novo\/wp-content\/uploads\/2018\/11\/FEITI\u00c7O-LADO-ESQUERDO-FUNDO-SEGUNDO-HOMEM-TA\u00c7A-1\u00aa-TA\u00c7A-BRASIL-DE-F.S.-1968-800x445.png\" class=\"attachment-colormag-featured-image size-colormag-featured-image\" alt=\"\" \/><\/a>\n\t\t\t<\/div><\/figure><figure class='gallery-item'>\n\t\t\t<div class='gallery-icon landscape'>\n\t\t\t\t<a href='https:\/\/www.federacaopaulistadefutsal.com.br\/novo\/onde-tudo-comecou-um-dos-melhores-da-modalidade\/feitico-lado-esquerdo-segurando-a-taca-1a-taca-brasil-de-f-s-1968\/'><img loading=\"lazy\" decoding=\"async\" width=\"800\" height=\"445\" src=\"https:\/\/www.federacaopaulistadefutsal.com.br\/novo\/wp-content\/uploads\/2018\/11\/FEITI\u00c7O-LADO-ESQUERDO-SEGURANDO-A-TA\u00c7A-1\u00aa-TA\u00c7A-BRASIL-DE-F.S.-1968-800x445.png\" class=\"attachment-colormag-featured-image size-colormag-featured-image\" alt=\"\" \/><\/a>\n\t\t\t<\/div><\/figure><figure class='gallery-item'>\n\t\t\t<div class='gallery-icon landscape'>\n\t\t\t\t<a href='https:\/\/www.federacaopaulistadefutsal.com.br\/novo\/onde-tudo-comecou-um-dos-melhores-da-modalidade\/feitico-primeiro-da-foto-banespa-1963\/'><img loading=\"lazy\" decoding=\"async\" width=\"742\" height=\"445\" src=\"https:\/\/www.federacaopaulistadefutsal.com.br\/novo\/wp-content\/uploads\/2018\/11\/FEITI\u00c7O-PRIMEIRO-DA-FOTO-BANESPA-1963-742x445.png\" class=\"attachment-colormag-featured-image size-colormag-featured-image\" alt=\"\" \/><\/a>\n\t\t\t<\/div><\/figure><figure class='gallery-item'>\n\t\t\t<div class='gallery-icon landscape'>\n\t\t\t\t<a href='https:\/\/www.federacaopaulistadefutsal.com.br\/novo\/onde-tudo-comecou-um-dos-melhores-da-modalidade\/46156384_1944872825567455_3741815073513930752_n\/'><img loading=\"lazy\" decoding=\"async\" width=\"800\" height=\"445\" src=\"https:\/\/www.federacaopaulistadefutsal.com.br\/novo\/wp-content\/uploads\/2018\/11\/46156384_1944872825567455_3741815073513930752_n.jpg\" class=\"attachment-colormag-featured-image size-colormag-featured-image\" alt=\"\" srcset=\"https:\/\/www.federacaopaulistadefutsal.com.br\/novo\/wp-content\/uploads\/2018\/11\/46156384_1944872825567455_3741815073513930752_n.jpg 800w, https:\/\/www.federacaopaulistadefutsal.com.br\/novo\/wp-content\/uploads\/2018\/11\/46156384_1944872825567455_3741815073513930752_n-300x167.jpg 300w, https:\/\/www.federacaopaulistadefutsal.com.br\/novo\/wp-content\/uploads\/2018\/11\/46156384_1944872825567455_3741815073513930752_n-768x427.jpg 768w\" sizes=\"(max-width: 800px) 100vw, 800px\" \/><\/a>\n\t\t\t<\/div><\/figure>\n\t\t<\/div>\n\n","protected":false},"excerpt":{"rendered":"<p>No &#8220;Onde tudo come\u00e7ou&#8221; desta sexta-feira, ser\u00e1 a vez de contar um pouco mais da hist\u00f3ria de Arnaldo, mais conhecido<\/p>\n","protected":false},"author":2,"featured_media":26564,"comment_status":"open","ping_status":"open","sticky":false,"template":"","format":"standard","meta":{"footnotes":""},"categories":[2660,25,32,2651,2692],"tags":[42,1130,1147,2686],"class_list":["post-26553","post","type-post","status-publish","format-standard","has-post-thumbnail","hentry","category-home-destaque","category-destaques","category-maiores","category-noticias","category-onde-tudo-comecou","tag-fpfs","tag-futebol-de-salao","tag-futsal-masculino","tag-onde-tudo-comecou"],"_links":{"self":[{"href":"https:\/\/www.federacaopaulistadefutsal.com.br\/novo\/wp-json\/wp\/v2\/posts\/26553","targetHints":{"allow":["GET"]}}],"collection":[{"href":"https:\/\/www.federacaopaulistadefutsal.com.br\/novo\/wp-json\/wp\/v2\/posts"}],"about":[{"href":"https:\/\/www.federacaopaulistadefutsal.com.br\/novo\/wp-json\/wp\/v2\/types\/post"}],"author":[{"embeddable":true,"href":"https:\/\/www.federacaopaulistadefutsal.com.br\/novo\/wp-json\/wp\/v2\/users\/2"}],"replies":[{"embeddable":true,"href":"https:\/\/www.federacaopaulistadefutsal.com.br\/novo\/wp-json\/wp\/v2\/comments?post=26553"}],"version-history":[{"count":6,"href":"https:\/\/www.federacaopaulistadefutsal.com.br\/novo\/wp-json\/wp\/v2\/posts\/26553\/revisions"}],"predecessor-version":[{"id":26570,"href":"https:\/\/www.federacaopaulistadefutsal.com.br\/novo\/wp-json\/wp\/v2\/posts\/26553\/revisions\/26570"}],"wp:featuredmedia":[{"embeddable":true,"href":"https:\/\/www.federacaopaulistadefutsal.com.br\/novo\/wp-json\/wp\/v2\/media\/26564"}],"wp:attachment":[{"href":"https:\/\/www.federacaopaulistadefutsal.com.br\/novo\/wp-json\/wp\/v2\/media?parent=26553"}],"wp:term":[{"taxonomy":"category","embeddable":true,"href":"https:\/\/www.federacaopaulistadefutsal.com.br\/novo\/wp-json\/wp\/v2\/categories?post=26553"},{"taxonomy":"post_tag","embeddable":true,"href":"https:\/\/www.federacaopaulistadefutsal.com.br\/novo\/wp-json\/wp\/v2\/tags?post=26553"}],"curies":[{"name":"wp","href":"https:\/\/api.w.org\/{rel}","templated":true}]}}