{"id":26599,"date":"2018-11-21T20:02:53","date_gmt":"2018-11-21T20:02:53","guid":{"rendered":"http:\/\/www.federacaopaulistadefutsal.com.br\/novo\/?p=26599"},"modified":"2018-11-22T10:02:06","modified_gmt":"2018-11-22T10:02:06","slug":"botucatuense-e-dracena-futsaltempersul-se-enfrentam-pelas-quartas-de-final-do-estadual-divisao-principal","status":"publish","type":"post","link":"https:\/\/www.federacaopaulistadefutsal.com.br\/novo\/botucatuense-e-dracena-futsaltempersul-se-enfrentam-pelas-quartas-de-final-do-estadual-divisao-principal\/","title":{"rendered":"Botucatuense e Dracena Futsal\/Tempersul se enfrentam pelas quartas de final do Estadual Divis\u00e3o Principal"},"content":{"rendered":"<p>Ap\u00f3s AABB\/MAPFRE, Santo Andr\u00e9 e Real Madruga garantirem suas respectivas vagas para as semifinais do Estadual Divis\u00e3o Principal, chegou a vez de Botucatuense e Dracena Futsal\/Tempersul medirem for\u00e7as visando a \u00faltima vaga para a pr\u00f3xima fase do torneio.<\/p>\n<p>Na noite desta quarta-feira (21), em Botucatu, interior de S\u00e3o Paulo, o time da casa recebe a equipe de Dracena, no gin\u00e1sio Fernando Douglas Angela, a partir das 19h.<\/p>\n<p>O jogo de volta no pr\u00f3ximo dia 24 (s\u00e1bado), no gin\u00e1sio Alaor Ferrari, casa do Dracena.<\/p>\n<p>&nbsp;<\/p>\n<p>&nbsp;<\/p>\n","protected":false},"excerpt":{"rendered":"<p>Ap\u00f3s AABB\/MAPFRE, Santo Andr\u00e9 e Real Madruga garantirem suas respectivas vagas para as semifinais do Estadual Divis\u00e3o Principal, chegou a<\/p>\n","protected":false},"author":2,"featured_media":26606,"comment_status":"open","ping_status":"open","sticky":false,"template":"","format":"standard","meta":{"footnotes":""},"categories":[2660,25,9,2651],"tags":[979,42,2013],"class_list":["post-26599","post","type-post","status-publish","format-standard","has-post-thumbnail","hentry","category-home-destaque","category-destaques","category-estadual-principal","category-noticias","tag-estadual-divisao-principal","tag-fpfs","tag-quartas-de-final"],"_links":{"self":[{"href":"https:\/\/www.federacaopaulistadefutsal.com.br\/novo\/wp-json\/wp\/v2\/posts\/26599","targetHints":{"allow":["GET"]}}],"collection":[{"href":"https:\/\/www.federacaopaulistadefutsal.com.br\/novo\/wp-json\/wp\/v2\/posts"}],"about":[{"href":"https:\/\/www.federacaopaulistadefutsal.com.br\/novo\/wp-json\/wp\/v2\/types\/post"}],"author":[{"embeddable":true,"href":"https:\/\/www.federacaopaulistadefutsal.com.br\/novo\/wp-json\/wp\/v2\/users\/2"}],"replies":[{"embeddable":true,"href":"https:\/\/www.federacaopaulistadefutsal.com.br\/novo\/wp-json\/wp\/v2\/comments?post=26599"}],"version-history":[{"count":2,"href":"https:\/\/www.federacaopaulistadefutsal.com.br\/novo\/wp-json\/wp\/v2\/posts\/26599\/revisions"}],"predecessor-version":[{"id":26601,"href":"https:\/\/www.federacaopaulistadefutsal.com.br\/novo\/wp-json\/wp\/v2\/posts\/26599\/revisions\/26601"}],"wp:featuredmedia":[{"embeddable":true,"href":"https:\/\/www.federacaopaulistadefutsal.com.br\/novo\/wp-json\/wp\/v2\/media\/26606"}],"wp:attachment":[{"href":"https:\/\/www.federacaopaulistadefutsal.com.br\/novo\/wp-json\/wp\/v2\/media?parent=26599"}],"wp:term":[{"taxonomy":"category","embeddable":true,"href":"https:\/\/www.federacaopaulistadefutsal.com.br\/novo\/wp-json\/wp\/v2\/categories?post=26599"},{"taxonomy":"post_tag","embeddable":true,"href":"https:\/\/www.federacaopaulistadefutsal.com.br\/novo\/wp-json\/wp\/v2\/tags?post=26599"}],"curies":[{"name":"wp","href":"https:\/\/api.w.org\/{rel}","templated":true}]}}