{"id":26619,"date":"2018-11-23T11:23:34","date_gmt":"2018-11-23T11:23:34","guid":{"rendered":"http:\/\/www.federacaopaulistadefutsal.com.br\/novo\/?p=26619"},"modified":"2018-11-23T11:23:34","modified_gmt":"2018-11-23T11:23:34","slug":"conmebol-confirma-realizacao-do-zonal-norte-em-dezembro-no-rio-de-janeiro","status":"publish","type":"post","link":"https:\/\/www.federacaopaulistadefutsal.com.br\/novo\/conmebol-confirma-realizacao-do-zonal-norte-em-dezembro-no-rio-de-janeiro\/","title":{"rendered":"Conmebol confirma realiza\u00e7\u00e3o do Zonal Norte em dezembro, no Rio de Janeiro"},"content":{"rendered":"<p>A Conmebol confirmou a realiza\u00e7\u00e3o do Zonal Norte da Liga Sul-Americana de Futsal para a cidade do Rio de Janeiro, entre os dias 11 e 16 de dezembro, no Parque Ol\u00edmpico da Barra da Tijuca. Este ser\u00e1 o \u00faltimo compromisso da sele\u00e7\u00e3o brasileira no ano.<\/p>\n<p>Al\u00e9m de Brasil, Col\u00f4mbia, Equador, Peru e Venezuela. Com isso, a comiss\u00e3o t\u00e9cnica da Sele\u00e7\u00e3o j\u00e1 definiu os nomes dos convocados tanto do adulto quanto do sub-20 &#8211; lembrando que o torneio re\u00fane as duas categorias. Uma das novidades do t\u00e9cnico Marquinhos Xavier para o adulto \u00e9 a presen\u00e7a de Wilde, experiente piv\u00f4 campe\u00e3o do mundo com a sele\u00e7\u00e3o brasileira.<\/p>\n<p>O calend\u00e1rio com a tabela de jogos e mais detalhes ainda ser\u00e3o divulgados pela Conmebol nos pr\u00f3ximos dias.<\/p>\n<p><strong>Sobre a competi\u00e7\u00e3o<\/strong><\/p>\n<p>A Liga Sul-Americana \u00e9 uma competi\u00e7\u00e3o criada em 2017 pela Conmebol que divide o continente em zona norte e sul. Cada etapa re\u00fane sele\u00e7\u00f5es de base e principal, com a classifica\u00e7\u00e3o feita a partir do ac\u00famulo de pontos de cada categoria. O campe\u00e3o de cada zonal se enfrenta na final do torneio, que tem o Brasil como detentor do t\u00edtulo.<\/p>\n<p>Quem levar a melhor no Zonal Norte ir\u00e1 enfrentar o Paraguai, que venceu o Zonal Sul em setembro, desbancando a Argentina &#8211; que foi campe\u00e3 em 2017 da etapa local e acabou perdendo a decis\u00e3o da Liga Sul-Americana para o Brasil.<\/p>\n<p>Informa\u00e7\u00f5es: CBFS<br \/>\nFoto:\u00a0Ricardo Artifon\/CBFS<\/p>\n","protected":false},"excerpt":{"rendered":"<p>A Conmebol confirmou a realiza\u00e7\u00e3o do Zonal Norte da Liga Sul-Americana de Futsal para a cidade do Rio de Janeiro,<\/p>\n","protected":false},"author":2,"featured_media":26620,"comment_status":"open","ping_status":"open","sticky":false,"template":"","format":"standard","meta":{"footnotes":""},"categories":[25,2651,35],"tags":[563,42,2240],"class_list":["post-26619","post","type-post","status-publish","format-standard","has-post-thumbnail","hentry","category-destaques","category-noticias","category-selecao","tag-cbfs","tag-fpfs","tag-selecao-brasileira"],"_links":{"self":[{"href":"https:\/\/www.federacaopaulistadefutsal.com.br\/novo\/wp-json\/wp\/v2\/posts\/26619","targetHints":{"allow":["GET"]}}],"collection":[{"href":"https:\/\/www.federacaopaulistadefutsal.com.br\/novo\/wp-json\/wp\/v2\/posts"}],"about":[{"href":"https:\/\/www.federacaopaulistadefutsal.com.br\/novo\/wp-json\/wp\/v2\/types\/post"}],"author":[{"embeddable":true,"href":"https:\/\/www.federacaopaulistadefutsal.com.br\/novo\/wp-json\/wp\/v2\/users\/2"}],"replies":[{"embeddable":true,"href":"https:\/\/www.federacaopaulistadefutsal.com.br\/novo\/wp-json\/wp\/v2\/comments?post=26619"}],"version-history":[{"count":2,"href":"https:\/\/www.federacaopaulistadefutsal.com.br\/novo\/wp-json\/wp\/v2\/posts\/26619\/revisions"}],"predecessor-version":[{"id":26633,"href":"https:\/\/www.federacaopaulistadefutsal.com.br\/novo\/wp-json\/wp\/v2\/posts\/26619\/revisions\/26633"}],"wp:featuredmedia":[{"embeddable":true,"href":"https:\/\/www.federacaopaulistadefutsal.com.br\/novo\/wp-json\/wp\/v2\/media\/26620"}],"wp:attachment":[{"href":"https:\/\/www.federacaopaulistadefutsal.com.br\/novo\/wp-json\/wp\/v2\/media?parent=26619"}],"wp:term":[{"taxonomy":"category","embeddable":true,"href":"https:\/\/www.federacaopaulistadefutsal.com.br\/novo\/wp-json\/wp\/v2\/categories?post=26619"},{"taxonomy":"post_tag","embeddable":true,"href":"https:\/\/www.federacaopaulistadefutsal.com.br\/novo\/wp-json\/wp\/v2\/tags?post=26619"}],"curies":[{"name":"wp","href":"https:\/\/api.w.org\/{rel}","templated":true}]}}